{"id":19503,"date":"2015-11-11T11:25:04","date_gmt":"2015-11-11T17:25:04","guid":{"rendered":"https:\/\/radiowebmx.com\/nota\/?p=19503"},"modified":"2015-11-11T11:25:18","modified_gmt":"2015-11-11T17:25:18","slug":"asiste-secretaria-de-desarrollo-economico-de-morelia-a-arranque-de-proyecto-de-jovenes-emprendedores","status":"publish","type":"post","link":"https:\/\/radiowebmx.com\/nota\/asiste-secretaria-de-desarrollo-economico-de-morelia-a-arranque-de-proyecto-de-jovenes-emprendedores\/","title":{"rendered":"Asiste secretaria de Desarrollo Econ\u00f3mico de Morelia a arranque de proyecto de j\u00f3venes emprendedores"},"content":{"rendered":"<p><a href=\"https:\/\/radiowebmx.com\/nota\/wp-content\/uploads\/2015\/11\/8d1eacf4-ae96-4c3c-a89e-1eca5865c603.jpg\"><img loading=\"lazy\" decoding=\"async\" class=\"alignleft size-full wp-image-19504\" src=\"https:\/\/radiowebmx.com\/nota\/wp-content\/uploads\/2015\/11\/8d1eacf4-ae96-4c3c-a89e-1eca5865c603.jpg\" alt=\"8d1eacf4-ae96-4c3c-a89e-1eca5865c603\" width=\"591\" height=\"269\" srcset=\"https:\/\/radiowebmx.com\/nota\/wp-content\/uploads\/2015\/11\/8d1eacf4-ae96-4c3c-a89e-1eca5865c603.jpg 591w, https:\/\/radiowebmx.com\/nota\/wp-content\/uploads\/2015\/11\/8d1eacf4-ae96-4c3c-a89e-1eca5865c603-300x137.jpg 300w\" sizes=\"auto, (max-width: 591px) 100vw, 591px\" \/><\/a><\/p>\n<p>El Gobierno Federal a trav\u00e9s de la Secretar\u00eda de Desarrollo Social y el Instituto Nacional del Emprendedor arranc\u00f3 en Morelia el proyecto piloto \u201cJ\u00f3venes Emprendedores Prosperando\u201d, a la que la secretaria de Fomento Econ\u00f3mico, Ireri Rivera Garc\u00eda, asisti\u00f3 con la representaci\u00f3n del Alcalde, Alfonso Mart\u00ednez Alc\u00e1zar.<\/p>\n<p>La titular de la pol\u00edtica econ\u00f3mica del municipio, presidi\u00f3 junto con el presidente del Instituto Nacional del Emprendedor Enrique Jacob Rocha en su visita a la capital del estado, el secretario de Desarrollo Econ\u00f3mico, Antonio Soto S\u00e1nchez, as\u00ed como l\u00edderes de c\u00e1maras empresariales y funcionarios de los tres \u00f3rdenes de gobierno, la ceremonia de apertura del evento que tiene la intenci\u00f3n de ofrecer asesor\u00eda, recursos financieros y capacitaci\u00f3n a los j\u00f3venes beneficiarios del programa Prospera, para que aterricen sus ideas emprendedoras y las conviertan en nuevos negocios y micro empresas.<\/p>\n<p>Rivera Garc\u00eda, celebr\u00f3 la apertura de los \u00f3rdenes de gobierno para incluir a Morelia en acciones que impulsen a las nuevas generaciones en el mundo de las empresas, ya que esto permitir\u00e1, dijo, tener ideas frescas y nuevas de parte de los j\u00f3venes para darle un mejor fomento a la econom\u00eda.<\/p>\n","protected":false},"excerpt":{"rendered":"<p>El Gobierno Federal a trav\u00e9s de la Secretar\u00eda de Desarrollo Social y el Instituto Nacional del Emprendedor arranc\u00f3 en Morelia el proyecto piloto \u201cJ\u00f3venes Emprendedores Prosperando\u201d,<\/p>\n","protected":false},"author":1,"featured_media":19504,"comment_status":"open","ping_status":"open","sticky":false,"template":"","format":"standard","meta":{"footnotes":""},"categories":[14,9],"tags":[],"class_list":["post-19503","post","type-post","status-publish","format-standard","has-post-thumbnail","hentry","category-destacadas","category-morelia"],"_links":{"self":[{"href":"https:\/\/radiowebmx.com\/nota\/wp-json\/wp\/v2\/posts\/19503","targetHints":{"allow":["GET"]}}],"collection":[{"href":"https:\/\/radiowebmx.com\/nota\/wp-json\/wp\/v2\/posts"}],"about":[{"href":"https:\/\/radiowebmx.com\/nota\/wp-json\/wp\/v2\/types\/post"}],"author":[{"embeddable":true,"href":"https:\/\/radiowebmx.com\/nota\/wp-json\/wp\/v2\/users\/1"}],"replies":[{"embeddable":true,"href":"https:\/\/radiowebmx.com\/nota\/wp-json\/wp\/v2\/comments?post=19503"}],"version-history":[{"count":1,"href":"https:\/\/radiowebmx.com\/nota\/wp-json\/wp\/v2\/posts\/19503\/revisions"}],"predecessor-version":[{"id":19506,"href":"https:\/\/radiowebmx.com\/nota\/wp-json\/wp\/v2\/posts\/19503\/revisions\/19506"}],"wp:featuredmedia":[{"embeddable":true,"href":"https:\/\/radiowebmx.com\/nota\/wp-json\/wp\/v2\/media\/19504"}],"wp:attachment":[{"href":"https:\/\/radiowebmx.com\/nota\/wp-json\/wp\/v2\/media?parent=19503"}],"wp:term":[{"taxonomy":"category","embeddable":true,"href":"https:\/\/radiowebmx.com\/nota\/wp-json\/wp\/v2\/categories?post=19503"},{"taxonomy":"post_tag","embeddable":true,"href":"https:\/\/radiowebmx.com\/nota\/wp-json\/wp\/v2\/tags?post=19503"}],"curies":[{"name":"wp","href":"https:\/\/api.w.org\/{rel}","templated":true}]}}