{"id":19500,"date":"2015-11-11T11:22:25","date_gmt":"2015-11-11T17:22:25","guid":{"rendered":"https:\/\/radiowebmx.com\/nota\/?p=19500"},"modified":"2015-11-11T11:22:25","modified_gmt":"2015-11-11T17:22:25","slug":"alumnos-del-cecytem-ganan-medalla-de-oro-en-expo-ciencias-michoacan-2015","status":"publish","type":"post","link":"https:\/\/radiowebmx.com\/nota\/alumnos-del-cecytem-ganan-medalla-de-oro-en-expo-ciencias-michoacan-2015\/","title":{"rendered":"Alumnos del CECyTEM ganan medalla de oro en Expo Ciencias Michoac\u00e1n 2015"},"content":{"rendered":"<p><a href=\"https:\/\/radiowebmx.com\/nota\/wp-content\/uploads\/2015\/11\/a49adad8-52ba-40d4-a264-31319872f298.jpg\"><img loading=\"lazy\" decoding=\"async\" class=\"alignleft size-full wp-image-19501\" src=\"https:\/\/radiowebmx.com\/nota\/wp-content\/uploads\/2015\/11\/a49adad8-52ba-40d4-a264-31319872f298.jpg\" alt=\"a49adad8-52ba-40d4-a264-31319872f298\" width=\"591\" height=\"289\" srcset=\"https:\/\/radiowebmx.com\/nota\/wp-content\/uploads\/2015\/11\/a49adad8-52ba-40d4-a264-31319872f298.jpg 591w, https:\/\/radiowebmx.com\/nota\/wp-content\/uploads\/2015\/11\/a49adad8-52ba-40d4-a264-31319872f298-300x147.jpg 300w\" sizes=\"auto, (max-width: 591px) 100vw, 591px\" \/><\/a><\/p>\n<p>En la reciente edici\u00f3n de la Expo Ciencias Michoac\u00e1n 2015, alumnos del Colegio de Estudios Cient\u00edficos y Tecnol\u00f3gicos del Estado de Michoac\u00e1n (CECyTEM), del plantel 09 de Apatzing\u00e1n, fueron los galardonados con la medalla de oro y participar\u00e1n en la Expo Ciencias Nacional 2015 a realizarse el pr\u00f3ximo mes de diciembre en la ciudad de Tampico Tamaulipas.<\/p>\n<p>Los estudiantes emprendedores ganaron con el proyecto \u201cNaturab\u00f3n\u201d, que consiste en un jab\u00f3n natural con azufre y cuachalalate; el asesor de los alumnos, Ygnacio Barajas Orozco, detall\u00f3 que el obtener una medalla de oro tiene un gran significado para el plantel, ya que es la primera ocasi\u00f3n en la que se gana dicho distintivo, que significa una gran muestra del talento de los j\u00f3venes estudiantes.<\/p>\n<p>La directora general del CECyTEM,\u00a0 Carmen Escobedo P\u00e9rez, expuso que para el Gobernador de Michoac\u00e1n, Silvano Aureoles Conejo, el impulso a la participaci\u00f3n de los j\u00f3venes en estas competencias y exposiciones es de suma importancia tanto para su realizaci\u00f3n como estudiantes de educaci\u00f3n media superior, como para explotar su talento creativo y su esp\u00edritu emprendedor.<\/p>\n<p>Los alumnos participantes en el proyecto \u201cNaturab\u00f3n\u201d y que estudian en el plantel 09 Apatzing\u00e1n son: Daniela Pineda Ch\u00e1vez, Karla Monserrat Zamora y Miguel Eduardo Espinoza.<\/p>\n<p>El evento de Expo Ciencias Michoac\u00e1n 2015, estuvo organizado con el respaldo del Instituto de Estudios Superiores de Estagira, Pre universitaria, Instituto Antonio Plancarte, Educare Play, la Red de Actividades Juveniles en Ciencia y Tecnolog\u00eda, el Movimiento Internacional para el recreo cient\u00edfico y t\u00e9cnico MILSET, Fomento Cultural Mundinovi AC, Agile Nigths Academy, entre otros, dicha actividad se realiz\u00f3 en el auditorio del Instituto Antonio Plancarte de Morelia.<\/p>\n","protected":false},"excerpt":{"rendered":"<p>En la reciente edici\u00f3n de la Expo Ciencias Michoac\u00e1n 2015, alumnos del CECyTEM, del plantel 09 de Apatzing\u00e1n, <\/p>\n","protected":false},"author":1,"featured_media":19501,"comment_status":"open","ping_status":"open","sticky":false,"template":"","format":"standard","meta":{"footnotes":""},"categories":[14,3],"tags":[],"class_list":["post-19500","post","type-post","status-publish","format-standard","has-post-thumbnail","hentry","category-destacadas","category-gobierno-del-estado-de-michoacan"],"_links":{"self":[{"href":"https:\/\/radiowebmx.com\/nota\/wp-json\/wp\/v2\/posts\/19500","targetHints":{"allow":["GET"]}}],"collection":[{"href":"https:\/\/radiowebmx.com\/nota\/wp-json\/wp\/v2\/posts"}],"about":[{"href":"https:\/\/radiowebmx.com\/nota\/wp-json\/wp\/v2\/types\/post"}],"author":[{"embeddable":true,"href":"https:\/\/radiowebmx.com\/nota\/wp-json\/wp\/v2\/users\/1"}],"replies":[{"embeddable":true,"href":"https:\/\/radiowebmx.com\/nota\/wp-json\/wp\/v2\/comments?post=19500"}],"version-history":[{"count":1,"href":"https:\/\/radiowebmx.com\/nota\/wp-json\/wp\/v2\/posts\/19500\/revisions"}],"predecessor-version":[{"id":19502,"href":"https:\/\/radiowebmx.com\/nota\/wp-json\/wp\/v2\/posts\/19500\/revisions\/19502"}],"wp:featuredmedia":[{"embeddable":true,"href":"https:\/\/radiowebmx.com\/nota\/wp-json\/wp\/v2\/media\/19501"}],"wp:attachment":[{"href":"https:\/\/radiowebmx.com\/nota\/wp-json\/wp\/v2\/media?parent=19500"}],"wp:term":[{"taxonomy":"category","embeddable":true,"href":"https:\/\/radiowebmx.com\/nota\/wp-json\/wp\/v2\/categories?post=19500"},{"taxonomy":"post_tag","embeddable":true,"href":"https:\/\/radiowebmx.com\/nota\/wp-json\/wp\/v2\/tags?post=19500"}],"curies":[{"name":"wp","href":"https:\/\/api.w.org\/{rel}","templated":true}]}}