{"id":19493,"date":"2015-11-11T11:15:32","date_gmt":"2015-11-11T17:15:32","guid":{"rendered":"https:\/\/radiowebmx.com\/nota\/?p=19493"},"modified":"2015-11-11T11:15:46","modified_gmt":"2015-11-11T17:15:46","slug":"firma-del-convenio-del-programa-medico-en-tu-casa-y-arranque-del-programa-un-comienzo-diferente","status":"publish","type":"post","link":"https:\/\/radiowebmx.com\/nota\/firma-del-convenio-del-programa-medico-en-tu-casa-y-arranque-del-programa-un-comienzo-diferente\/","title":{"rendered":"Firma del Convenio del Programa &#8220;M\u00e9dico en tu Casa&#8221; y arranque del programa &#8220;Un Comienzo DIFerente&#8221;"},"content":{"rendered":"<p><a href=\"https:\/\/radiowebmx.com\/nota\/wp-content\/uploads\/2015\/11\/2842c69f-8cbe-4118-8dc7-48482013dcc4.jpg\"><img loading=\"lazy\" decoding=\"async\" class=\"alignleft size-full wp-image-19494\" src=\"https:\/\/radiowebmx.com\/nota\/wp-content\/uploads\/2015\/11\/2842c69f-8cbe-4118-8dc7-48482013dcc4.jpg\" alt=\"2842c69f-8cbe-4118-8dc7-48482013dcc4\" width=\"591\" height=\"311\" srcset=\"https:\/\/radiowebmx.com\/nota\/wp-content\/uploads\/2015\/11\/2842c69f-8cbe-4118-8dc7-48482013dcc4.jpg 591w, https:\/\/radiowebmx.com\/nota\/wp-content\/uploads\/2015\/11\/2842c69f-8cbe-4118-8dc7-48482013dcc4-300x158.jpg 300w\" sizes=\"auto, (max-width: 591px) 100vw, 591px\" \/><\/a><\/p>\n<p>Hoy iniciamos una etapa de trabajo, de colaboraci\u00f3n cercana para apuntalar un programa muy importante para la poblaci\u00f3n que al final del d\u00eda es el objetivo.<\/p>\n<p>Me entusiasma mucho lo que hoy estamos haciendo porque la b\u00fasqueda superior de este esfuerzo es buscar condiciones de bienestar para la poblaci\u00f3n, sobre todo para la poblaci\u00f3n m\u00e1s necesitada.<\/p>\n<p>Este concepto que hac\u00eda referencia el doctor Mancera, \u201cla cuna parejo\u201d, es popularmente conocido con que \u201cunos nacen en cuna de seda y otros nacemos en el piso, en el suelo\u201d, que esto nos ayude a empezar a construir un concepto de igualdad y emparejar la circunstancia socioecon\u00f3mica, porque nuestras ni\u00f1as y ni\u00f1os tienen los mismos derechos; que el ni\u00f1o que nace en una condici\u00f3n muy humilde, de una madre soltera, de escasos recursos, de una comunidad marginada, tenga el mismo derecho que el que nace en unas condiciones distintas.<\/p>\n<p>Por eso la importancia de que esto permee en la sociedad y que vayamos generando un ambiente de solidaridad y de igualdad.<\/p>\n<p>Michoac\u00e1n, les comparto, es uno de los estados de la Rep\u00fablica donde se presentan los \u00edndices muy altos de desigualdad y porcentajes muy altos de concentraci\u00f3n de la riqueza, que es otro de los factores que motivan la inconformidad social.<\/p>\n<p>Las sociedades que distribuyen su riqueza, que buscanla equidad, generan condiciones mejores para la convivencia social y el desarrollo comunitario. Hay que reconocer que el Distrito Federal, y mi felicitaci\u00f3n querido amigo Jefe de Gobierno, mi felicitaci\u00f3n porque de las ciudades del pa\u00eds, la Ciudad de M\u00e9xico es de las sociedades con mayor equidad, con mayor distribuci\u00f3n de la riqueza, en donde los programas sociales juegan un papel determinante; no es una pol\u00edtica populista cuando buscas distribuir la riqueza y generar condiciones de equidad, lo que queremos es justicia social, es inclusi\u00f3n que nos permita cohesionar el tejido social y con ello mantener la estabilidad y la gobernabilidad.<\/p>\n<p>Por eso la importancia de estas acciones; la cuna pareja para todos y la cultura de que el m\u00e9dico te visita, los dos grandes programas.<\/p>\n<p>Tambi\u00e9n fue popularmente conocida la frase de que \u201c\u00e9sta fue visita de doctor\u201d, porque el doctor te visitaba, y es una visita r\u00e1pida, y te atiende. Es una frase popular. Bueno eso hay que retomarlo porque nos va ayudar a que tomemos las medidas preventivas, nada m\u00e1s importante que prevenir los asuntos, los sucesos, sobre todo en materia de salud, porque somos muy vulnerables como humanos, como seres vivos; el riesgo de la salud, de no tener salud plena siempre estar\u00e1 presente, pero si lo podemos atender con oportunidad, si lo podemos prevenir, el resultado siempre ser\u00e1 bueno.<\/p>\n<p>No hay tesoro m\u00e1s valioso, es otra frase popular, que contar con salud; si tenemos salud, tenemos todo lo dem\u00e1s.<\/p>\n<p>Por eso la importancia de destacar este programa que atienda, insisto, a sectores con riesgo de vulnerabilidad y a comunidades desprotegidas y m\u00e1s necesitadas; que podamos ir a las colonias populares, y as\u00ed vamos a empezar, yendo a las colonias populares a atender a la gente m\u00e1s necesitada.<\/p>\n<p>Lo vimos en el video con mucha claridad, no todo mundo puede moverse para ir a un centro de salud, que le puedas acercar el servicio le resuelve la vida. Y a veces, en unos casos ser\u00e1 por imposibilidad de movilidad, pero en muchos casos es porque el paciente y el adulto mayor no tiene dinero si quiera para el pasaje, no puede tomar el cami\u00f3n porque no le alcanza para cubrir sus gastos.<\/p>\n<p>Nosotros tenemos que hacernos cargo de ello y con ello empezar a emparejar el terreno para que nuestra sociedad se desarrolle en mejores condiciones.<\/p>\n<p>Por eso es importante que juntos revisemos las mejores pr\u00e1cticas en materia de salud que se est\u00e1n realizando en el pa\u00eds. Y muchas gracias doctor Mancera porque Michoac\u00e1n sea el primer estado que signa el convenio; sab\u00eda que hab\u00eda solicitudes de otros estados, pero primero para Michoac\u00e1n y seguramente que este programa en Michoac\u00e1n ser\u00e1 muy exitoso porque le vamos a dedicar todo el esfuerzo para que tenga resultados en beneficio de la gente.<\/p>\n<p>Imag\u00ednense, Michoac\u00e1n somos una poblaci\u00f3n cercana, aqu\u00ed, a los 5 millones de habitantes, m\u00e1s la poblaci\u00f3n flotante que va y viene de Estados Unidos, que ronda\u00a0 los 3 millones; pero los que est\u00e1n aqu\u00ed, de acuerdo con el Coneval y el INEGI, casi 2 millones de michoacanos no tienen acceso a los servicios de salud porque no son derechohabientes y no tienen alg\u00fan servicio que prestan las instituciones de salud y que requieren del acompa\u00f1amiento de nuestras instituciones.<\/p>\n<p>Por eso tambi\u00e9n hemos hecho el gran esfuerzo, uno de ellos fundamental, para que no nos falte medicamento en las cl\u00ednicas y hospitales, con el esfuerzo que hoy estamos haciendo hoy les puedo decir con mucha confianza, con toda la certeza, de que tenemos el abasto en un 97 por ciento en todas las cl\u00ednicas y hospitales del sector p\u00fablico, 97 por ciento certificado, a trav\u00e9s del comit\u00e9 de revisi\u00f3n de esta cifra, para que contemos con la certeza de que esta es la cifra correcta.<\/p>\n<p>No quiero extenderme m\u00e1s por obvias razones, pero s\u00ed me da mucho gusto que hoy se concrete, pr\u00f3ximamente estaremos dando el banderazo de arranque, una vez signado el convenio y queremos que la Universidad se sume en pleno se\u00f1or Rector.<\/p>\n<p>Me hablaba hace un momento el se\u00f1or Rector de que tenemos listos 6 mil estudiantes de las distintas carreras para integrarse al programa, 6 mil estudiantes pod\u00edan empezar ya los trabajos del servicio social; a los estudiantes y m\u00e9dicos, enfermeros, doctoras, les vamos a agregar un par de profesionistas adicionales que tiene que ver con el desarrollo comunitario y algunas otras necesidades para que sea integral la atenci\u00f3n y con ello, tener mayor cercan\u00eda con los ciudadanos y poder atender a tiempo sus necesidades.<\/p>\n<p>Pr\u00f3ximamente estaremos arrancando y van a estar ustedes cordialmenteinvitadospara que nos acompa\u00f1en, es un esfuerzo interinstitucional y lo vamos ahacer de manera coordinada a trav\u00e9s de las instanciasfederales, con el Gobierno del Estado y vamos a involucrar a los municipios para que participen en este esfuerzo de llevar m\u00e1s y mejor salud a las michoacanas y a los michoacanos.<\/p>\n<p>En el caso de las cunas, mujeres, vamos a intensificar el programa porque eso va permitir que sus hijos tengan un buen trato y crezcan en condiciones de confort que necesitamos que nuestros ni\u00f1os y ni\u00f1as inicien este tr\u00e1nsito hacia la vida adolescente en las mejores condiciones.<\/p>\n<p>Pronto tambi\u00e9n estaremos anunciando junto el DIF, Salud, Pol\u00edtica Social, un programa que traigo d\u00e1ndole vuelta para la atenci\u00f3n a los ni\u00f1os en condici\u00f3n de calle; que nadie de nuestros ni\u00f1os ande en los cruceros, las calles, pidiendo dinero y haciendo tareas que solamente denigran la condici\u00f3n de un infante que requiere condiciones adecuadas para su desarrollo.<br \/>\nEl centro de nuestrapreocupaci\u00f3n es el bienestar y vamos a empezar con nuestras ni\u00f1as, ni\u00f1os y adolescentes. Muchas gracias por su presencia, gracias se\u00f1or Jefe de Gobierno y a ustedes por acompa\u00f1arnos.<\/p>\n","protected":false},"excerpt":{"rendered":"<p>Hoy iniciamos una etapa de trabajo, de colaboraci\u00f3n cercana para apuntalar un programa muy importante para la poblaci\u00f3n que al final del d\u00eda es el objetivo.<\/p>\n","protected":false},"author":1,"featured_media":19494,"comment_status":"open","ping_status":"open","sticky":false,"template":"","format":"standard","meta":{"footnotes":""},"categories":[14,3],"tags":[],"class_list":["post-19493","post","type-post","status-publish","format-standard","has-post-thumbnail","hentry","category-destacadas","category-gobierno-del-estado-de-michoacan"],"_links":{"self":[{"href":"https:\/\/radiowebmx.com\/nota\/wp-json\/wp\/v2\/posts\/19493","targetHints":{"allow":["GET"]}}],"collection":[{"href":"https:\/\/radiowebmx.com\/nota\/wp-json\/wp\/v2\/posts"}],"about":[{"href":"https:\/\/radiowebmx.com\/nota\/wp-json\/wp\/v2\/types\/post"}],"author":[{"embeddable":true,"href":"https:\/\/radiowebmx.com\/nota\/wp-json\/wp\/v2\/users\/1"}],"replies":[{"embeddable":true,"href":"https:\/\/radiowebmx.com\/nota\/wp-json\/wp\/v2\/comments?post=19493"}],"version-history":[{"count":2,"href":"https:\/\/radiowebmx.com\/nota\/wp-json\/wp\/v2\/posts\/19493\/revisions"}],"predecessor-version":[{"id":19496,"href":"https:\/\/radiowebmx.com\/nota\/wp-json\/wp\/v2\/posts\/19493\/revisions\/19496"}],"wp:featuredmedia":[{"embeddable":true,"href":"https:\/\/radiowebmx.com\/nota\/wp-json\/wp\/v2\/media\/19494"}],"wp:attachment":[{"href":"https:\/\/radiowebmx.com\/nota\/wp-json\/wp\/v2\/media?parent=19493"}],"wp:term":[{"taxonomy":"category","embeddable":true,"href":"https:\/\/radiowebmx.com\/nota\/wp-json\/wp\/v2\/categories?post=19493"},{"taxonomy":"post_tag","embeddable":true,"href":"https:\/\/radiowebmx.com\/nota\/wp-json\/wp\/v2\/tags?post=19493"}],"curies":[{"name":"wp","href":"https:\/\/api.w.org\/{rel}","templated":true}]}}