{"id":19490,"date":"2015-11-11T11:10:52","date_gmt":"2015-11-11T17:10:52","guid":{"rendered":"https:\/\/radiowebmx.com\/nota\/?p=19490"},"modified":"2015-11-11T11:10:52","modified_gmt":"2015-11-11T17:10:52","slug":"ayuntamiento-turquesa-se-une-al-mando-unico","status":"publish","type":"post","link":"https:\/\/radiowebmx.com\/nota\/ayuntamiento-turquesa-se-une-al-mando-unico\/","title":{"rendered":"AYUNTAMIENTO TURQUESA SE UNE AL MANDO \u00daNICO"},"content":{"rendered":"<p><a href=\"https:\/\/radiowebmx.com\/nota\/wp-content\/uploads\/2015\/11\/Sin-t\u00edtulo-11.jpg\"><img loading=\"lazy\" decoding=\"async\" class=\"alignleft size-full wp-image-19491\" src=\"https:\/\/radiowebmx.com\/nota\/wp-content\/uploads\/2015\/11\/Sin-t\u00edtulo-11.jpg\" alt=\"Sin t\u00edtulo-1\" width=\"591\" height=\"312\" srcset=\"https:\/\/radiowebmx.com\/nota\/wp-content\/uploads\/2015\/11\/Sin-t\u00edtulo-11.jpg 591w, https:\/\/radiowebmx.com\/nota\/wp-content\/uploads\/2015\/11\/Sin-t\u00edtulo-11-300x158.jpg 300w\" sizes=\"auto, (max-width: 591px) 100vw, 591px\" \/><\/a>Con gran sentido de responsabilidad, el alcalde aliancista de Pur\u00e9pero, Cuauht\u00e9moc Vega Robledo, particip\u00f3 en la reuni\u00f3n encabezada por nuestro gobernador Silvano Aureoles Conejo, con la finalidad de firmar y consolidar el mando \u00fanico policial en Michoac\u00e1n.<\/p>\n<p>El presidente municipal se congratul\u00f3 con la invitaci\u00f3n realizada por el mandatario estatal y, de igual forma, aplaudi\u00f3 las estrategias que en materia de seguridad est\u00e1 comenzado a implementar en el estado, ya que de esta forma, dijo, se comienzan a dar los primeros pasos para acabar con la delincuencia organizada, problema heredado desde administraciones pasadas.<\/p>\n<p>Vega Robledo, consciente de no formar parte de la pol\u00edtica en a\u00f1os anteriores, coment\u00f3 al ser abordado por algunos medios en el evento, que, de lo que s\u00ed est\u00e1 plenamente seguro es de ser un ciudadano al que le afectan y le han afectado las mismas necesidades de la poblaci\u00f3n en general, conoce a su gente y sabe plenamente sus necesidades para salir adelante. As\u00ed mismo, afirm\u00f3 estar plenamente agradecido con el apoyo brindado por la presidenta de Nueva Alianza, Araceli Mart\u00ednez y todo su equipo de trabajo, lo que lo ha llevado a realizar una labor con \u00e9xito.<\/p>\n<p>\u201cNo soy pol\u00edtico, pero se trabajar con y a favor de la gente, coment\u00f3 el alcalde Turquesa, y destac\u00f3 que en los primeros dos meses de su administraci\u00f3n ha tenido diversas muestras de cari\u00f1o por parte de los habitantes, eso lo impulsa a que cada d\u00eda su equipo de trabajo d\u00e9 lo mejor para la poblaci\u00f3n.<\/p>\n<p>Reconoce que ha sido una nueva etapa de aprendizajes desde el momento en que tomo la decisi\u00f3n de ser candidato y de igual forma seguir\u00e1 trabajando con el mismo entusiasmo que present\u00f3 desde el primer d\u00eda de su administraci\u00f3n hasta que \u00e9ste culmin\u00e9.<\/p>\n<p>Finalmente, \u201cTemo\u201d como lo conocen en su pueblo, destac\u00f3 que su administraci\u00f3n se ha caracterizado por estar en contacto directo con la ciudadan\u00eda y mantener siempre las puertas abiertas a todos en general, \u201cpues somos los empleados del pueblo, a ellos nos debemos\u201d, puntualiz\u00f3.<\/p>\n","protected":false},"excerpt":{"rendered":"<p>Con gran sentido de responsabilidad, el alcalde aliancista de Pur\u00e9pero, Cuauht\u00e9moc Vega Robledo, particip\u00f3 en la reuni\u00f3n encabezada por nuestro gobernador SAC.<\/p>\n","protected":false},"author":1,"featured_media":19491,"comment_status":"open","ping_status":"open","sticky":false,"template":"","format":"standard","meta":{"footnotes":""},"categories":[14],"tags":[],"class_list":["post-19490","post","type-post","status-publish","format-standard","has-post-thumbnail","hentry","category-destacadas"],"_links":{"self":[{"href":"https:\/\/radiowebmx.com\/nota\/wp-json\/wp\/v2\/posts\/19490","targetHints":{"allow":["GET"]}}],"collection":[{"href":"https:\/\/radiowebmx.com\/nota\/wp-json\/wp\/v2\/posts"}],"about":[{"href":"https:\/\/radiowebmx.com\/nota\/wp-json\/wp\/v2\/types\/post"}],"author":[{"embeddable":true,"href":"https:\/\/radiowebmx.com\/nota\/wp-json\/wp\/v2\/users\/1"}],"replies":[{"embeddable":true,"href":"https:\/\/radiowebmx.com\/nota\/wp-json\/wp\/v2\/comments?post=19490"}],"version-history":[{"count":1,"href":"https:\/\/radiowebmx.com\/nota\/wp-json\/wp\/v2\/posts\/19490\/revisions"}],"predecessor-version":[{"id":19492,"href":"https:\/\/radiowebmx.com\/nota\/wp-json\/wp\/v2\/posts\/19490\/revisions\/19492"}],"wp:featuredmedia":[{"embeddable":true,"href":"https:\/\/radiowebmx.com\/nota\/wp-json\/wp\/v2\/media\/19491"}],"wp:attachment":[{"href":"https:\/\/radiowebmx.com\/nota\/wp-json\/wp\/v2\/media?parent=19490"}],"wp:term":[{"taxonomy":"category","embeddable":true,"href":"https:\/\/radiowebmx.com\/nota\/wp-json\/wp\/v2\/categories?post=19490"},{"taxonomy":"post_tag","embeddable":true,"href":"https:\/\/radiowebmx.com\/nota\/wp-json\/wp\/v2\/tags?post=19490"}],"curies":[{"name":"wp","href":"https:\/\/api.w.org\/{rel}","templated":true}]}}