{"id":19473,"date":"2015-11-10T13:42:56","date_gmt":"2015-11-10T19:42:56","guid":{"rendered":"https:\/\/radiowebmx.com\/nota\/?p=19473"},"modified":"2015-11-10T13:43:01","modified_gmt":"2015-11-10T19:43:01","slug":"bloquean-carretera-morelia-patzcuaro","status":"publish","type":"post","link":"https:\/\/radiowebmx.com\/nota\/bloquean-carretera-morelia-patzcuaro\/","title":{"rendered":"Bloquean Carretera Morelia-P\u00e1tzcuaro"},"content":{"rendered":"<p>Alumnos de la Escuela Normal Rural Vasco de Quiroga, en la tenencia moreliana de Tiripetio, bloquean esta ma\u00f1ana la carretera Morelia-P\u00e1tzcuaro, la principal vialidad que conecta la capital Michoacana con el Puerto de l\u00e1zaro C\u00e1rdenas.<\/p>\n<p>Los estudiantes normalistas arribaron a la vialidad alrededor de las 08:00 horas y de inmediato bloquearon los carriles de ambos sentidos, a la altura del kil\u00f3metro 24, cerca de las instalaciones de la escuela normal, por lo que la circulaci\u00f3n es desviada a trav\u00e9s de vialidades del municipio de Lagunillas.<\/p>\n<p>Los estudiantes protestan en contra de la reforma educativa y exigen dos mil plazas autom\u00e1ticas en el sistema educativo p\u00fablico estatal, en un intento por evitar la evaluaci\u00f3n docente.<\/p>\n<p>Cabe mencionar que los normalistas amagaron con mantener el bloqueo, a pesar que el gobernador Silvano aureoles conejo hab\u00eda advertido hace 15 d\u00edas que ya no permitir\u00eda ning\u00fan bloqueo carretero por parte de los estudiantes.<\/p>\n","protected":false},"excerpt":{"rendered":"<p>Alumnos de la Escuela Normal Rural Vasco de Quiroga, en la tenencia moreliana de Tiripetio, <\/p>\n","protected":false},"author":1,"featured_media":0,"comment_status":"open","ping_status":"open","sticky":false,"template":"","format":"standard","meta":{"footnotes":""},"categories":[1],"tags":[],"class_list":["post-19473","post","type-post","status-publish","format-standard","hentry","category-sin-categoria"],"_links":{"self":[{"href":"https:\/\/radiowebmx.com\/nota\/wp-json\/wp\/v2\/posts\/19473","targetHints":{"allow":["GET"]}}],"collection":[{"href":"https:\/\/radiowebmx.com\/nota\/wp-json\/wp\/v2\/posts"}],"about":[{"href":"https:\/\/radiowebmx.com\/nota\/wp-json\/wp\/v2\/types\/post"}],"author":[{"embeddable":true,"href":"https:\/\/radiowebmx.com\/nota\/wp-json\/wp\/v2\/users\/1"}],"replies":[{"embeddable":true,"href":"https:\/\/radiowebmx.com\/nota\/wp-json\/wp\/v2\/comments?post=19473"}],"version-history":[{"count":1,"href":"https:\/\/radiowebmx.com\/nota\/wp-json\/wp\/v2\/posts\/19473\/revisions"}],"predecessor-version":[{"id":19477,"href":"https:\/\/radiowebmx.com\/nota\/wp-json\/wp\/v2\/posts\/19473\/revisions\/19477"}],"wp:attachment":[{"href":"https:\/\/radiowebmx.com\/nota\/wp-json\/wp\/v2\/media?parent=19473"}],"wp:term":[{"taxonomy":"category","embeddable":true,"href":"https:\/\/radiowebmx.com\/nota\/wp-json\/wp\/v2\/categories?post=19473"},{"taxonomy":"post_tag","embeddable":true,"href":"https:\/\/radiowebmx.com\/nota\/wp-json\/wp\/v2\/tags?post=19473"}],"curies":[{"name":"wp","href":"https:\/\/api.w.org\/{rel}","templated":true}]}}