{"id":19384,"date":"2015-11-09T10:47:02","date_gmt":"2015-11-09T16:47:02","guid":{"rendered":"https:\/\/radiowebmx.com\/nota\/?p=19384"},"modified":"2015-11-09T10:48:39","modified_gmt":"2015-11-09T16:48:39","slug":"cumple-complejo-acuatico-medallistas-paralimpicos-su-primer-aniversario","status":"publish","type":"post","link":"https:\/\/radiowebmx.com\/nota\/cumple-complejo-acuatico-medallistas-paralimpicos-su-primer-aniversario\/","title":{"rendered":"Cumple complejo acu\u00e1tico Medallistas Paral\u00edmpicos su primer aniversario"},"content":{"rendered":"<p><a href=\"https:\/\/radiowebmx.com\/nota\/wp-content\/uploads\/2015\/11\/2c9a90ef-a971-4f27-8ab0-ee1da57ba6e5.jpg\"><img loading=\"lazy\" decoding=\"async\" class=\"alignleft size-full wp-image-19385\" src=\"https:\/\/radiowebmx.com\/nota\/wp-content\/uploads\/2015\/11\/2c9a90ef-a971-4f27-8ab0-ee1da57ba6e5.jpg\" alt=\"2c9a90ef-a971-4f27-8ab0-ee1da57ba6e5\" width=\"591\" height=\"338\" srcset=\"https:\/\/radiowebmx.com\/nota\/wp-content\/uploads\/2015\/11\/2c9a90ef-a971-4f27-8ab0-ee1da57ba6e5.jpg 591w, https:\/\/radiowebmx.com\/nota\/wp-content\/uploads\/2015\/11\/2c9a90ef-a971-4f27-8ab0-ee1da57ba6e5-300x172.jpg 300w, https:\/\/radiowebmx.com\/nota\/wp-content\/uploads\/2015\/11\/2c9a90ef-a971-4f27-8ab0-ee1da57ba6e5-128x72.jpg 128w\" sizes=\"auto, (max-width: 591px) 100vw, 591px\" \/><\/a>El Complejo Acu\u00e1tico \u201cMedallistas Paral\u00edmpicos\u201d, de la unidad deportiva Morelos-Indeco, cumpli\u00f3 este d\u00eda su primer aniversario, ya que fue el 08 de noviembre del 2014, cuando el recinto abri\u00f3 sus puertas por primera vez, para albergar la VII edici\u00f3n del Campeonato Mundial para Personas con S\u00edndrome de Down, con el cual Morelia se proyect\u00f3 al \u00e1mbito internacional por medio del deporte.<\/p>\n<p>El Ayuntamiento de Morelia gestion\u00f3, a trav\u00e9s del Instituto Municipal de Cultura F\u00edsica y Deporte (IMDE) y con el apoyo de la Comisi\u00f3n Nacional de Cultura F\u00edsica y Deporte (CONADE), la construcci\u00f3n de dicho espacio, el cual figura como el \u00fanico en Am\u00e9rica Latina por la tecnolog\u00eda con la que fue edificado.<\/p>\n<p>Esta es una de las mejores albercas no solo del pa\u00eds sino del continente, por cuestiones como su vaso prefabricado. Fue sin duda un impulso para toda la ciudad de Morelia, porque la posicion\u00f3 como un lugar ideal para albergar competencias de alto rendimiento.<\/p>\n<p>La magna obra se comenz\u00f3 a edificar en enero de 2014 y fue concluida en octubre de ese mismo a\u00f1o, para recibir as\u00ed uno de los eventos deportivos m\u00e1s importantes de los que Morelia y Michoac\u00e1n han sido sede, el VII Campeonato Mundial para Personas con S\u00edndrome de Down.<\/p>\n<p>\u201cRealmente fue algo emocionante el formar parte de esta obra, porque desde la gesti\u00f3n fue un trabajo en conjunto de todas las partes. Vivir desde que se coloc\u00f3 la primera piedra, hasta cuando se termin\u00f3, fue una experiencia \u00fanica. Es el resultado de la suma de m\u00faltiples esfuerzos, desde los tres niveles de gobierno hasta la misma sociedad\u201d, afirm\u00f3 la directora de Infraestructura Deportiva del IMDE, Arlett Barajas.<\/p>\n<p>El mundial se desarroll\u00f3 del 8 al 14 de noviembre, con la participaci\u00f3n de 205 tritones y sirenas, provenientes de 23 naciones, como Espa\u00f1a, Inglaterra, Estados Unidos, Sud\u00e1frica, Portugal, Autralia, Argentina, Francia, Brasil, Italia, Suecia y M\u00e9xico, entre algunos m\u00e1s.<\/p>\n<p>En el campeonato, la delegaci\u00f3n australiana se coron\u00f3 tetracampeona, al conseguir 46 medallas, de las cuales 25 fueron de oro, 15 de plata y 6 de bronce; M\u00e9xico por su parte se adjudic\u00f3 la segunda posici\u00f3n con 34 metales, 14 de ellos \u00e1ureos, 12 plateados y 8 m\u00e1s de bronce.<\/p>\n<p>El complejo a lo largo del a\u00f1o ha sido el hogar de diferentes competencias estatales y nacionales. Actualmente se realiza ah\u00ed el Campeonato Estatal de Curso Corto de Novatos 2015, en el cual participan 150 deportistas.<\/p>\n<p>La piscina ol\u00edmpica recibe de forma mensual a m\u00e1s de 2 mil morelianos, quienes acuden al espacio para realizar actividades alternas a la nataci\u00f3n, como rehabilitaci\u00f3n y Aquazumba, con horarios de 06:00 a 22:00 horas de lunes a viernes y los s\u00e1bados de 06:00 a 13:00 horas.<\/p>\n<p>\u201cEstamos muy orgullosos de esta alberca, porque sentimos que es de todos y para todos, esta unidad deportiva de Indeco ha adquirido m\u00e1s renombre gracias a ella, nuestra colonia y los alrededores se ha beneficiado de esta piscina que le ha dado a la ciudad un renombre que antes era impensable en el deporte\u201d, coment\u00f3 Silvia Guzm\u00e1n, encargada del orden de la colonia Expropiaci\u00f3n Petrolera Indeco.<\/p>\n","protected":false},"excerpt":{"rendered":"<p>El Complejo Acu\u00e1tico \u201cMedallistas Paral\u00edmpicos\u201d, de la unidad deportiva Morelos-Indeco, cumpli\u00f3 este d\u00eda su primer aniversario, ya que fue el 08 de noviembre del 2014, <\/p>\n","protected":false},"author":1,"featured_media":19385,"comment_status":"open","ping_status":"open","sticky":false,"template":"","format":"standard","meta":{"footnotes":""},"categories":[14,9],"tags":[],"class_list":["post-19384","post","type-post","status-publish","format-standard","has-post-thumbnail","hentry","category-destacadas","category-morelia"],"_links":{"self":[{"href":"https:\/\/radiowebmx.com\/nota\/wp-json\/wp\/v2\/posts\/19384","targetHints":{"allow":["GET"]}}],"collection":[{"href":"https:\/\/radiowebmx.com\/nota\/wp-json\/wp\/v2\/posts"}],"about":[{"href":"https:\/\/radiowebmx.com\/nota\/wp-json\/wp\/v2\/types\/post"}],"author":[{"embeddable":true,"href":"https:\/\/radiowebmx.com\/nota\/wp-json\/wp\/v2\/users\/1"}],"replies":[{"embeddable":true,"href":"https:\/\/radiowebmx.com\/nota\/wp-json\/wp\/v2\/comments?post=19384"}],"version-history":[{"count":1,"href":"https:\/\/radiowebmx.com\/nota\/wp-json\/wp\/v2\/posts\/19384\/revisions"}],"predecessor-version":[{"id":19386,"href":"https:\/\/radiowebmx.com\/nota\/wp-json\/wp\/v2\/posts\/19384\/revisions\/19386"}],"wp:featuredmedia":[{"embeddable":true,"href":"https:\/\/radiowebmx.com\/nota\/wp-json\/wp\/v2\/media\/19385"}],"wp:attachment":[{"href":"https:\/\/radiowebmx.com\/nota\/wp-json\/wp\/v2\/media?parent=19384"}],"wp:term":[{"taxonomy":"category","embeddable":true,"href":"https:\/\/radiowebmx.com\/nota\/wp-json\/wp\/v2\/categories?post=19384"},{"taxonomy":"post_tag","embeddable":true,"href":"https:\/\/radiowebmx.com\/nota\/wp-json\/wp\/v2\/tags?post=19384"}],"curies":[{"name":"wp","href":"https:\/\/api.w.org\/{rel}","templated":true}]}}