{"id":19349,"date":"2015-11-06T12:37:10","date_gmt":"2015-11-06T18:37:10","guid":{"rendered":"https:\/\/radiowebmx.com\/nota\/?p=19349"},"modified":"2015-11-06T12:37:10","modified_gmt":"2015-11-06T18:37:10","slug":"ofrece-ayuntamiento-de-morelia-coordinacion-con-federacion-y-estado-para-reducir-la-pobreza-alimentaria","status":"publish","type":"post","link":"https:\/\/radiowebmx.com\/nota\/ofrece-ayuntamiento-de-morelia-coordinacion-con-federacion-y-estado-para-reducir-la-pobreza-alimentaria\/","title":{"rendered":"Ofrece Ayuntamiento de Morelia coordinaci\u00f3n con Federaci\u00f3n y estado para reducir la pobreza alimentaria"},"content":{"rendered":"<p>El S\u00edndico, Fabio Sistos Rangel destac\u00f3 que la Administraci\u00f3n Municipal\u00a0tiene el reto de crear mejores condiciones de vida para todos los morelianos y que los apoyos que se\u00a0 dotan\u00a0a la poblaci\u00f3n por parte de los Gobiernos Federal, estatal y municipal \u00a0sean aprovechados de manera eficiente, para que lleguen a las personas que m\u00e1s lo necesitan.<\/p>\n<p>En el arranque de\u00a0la entrega de tarjetas nuevas a beneficiarios de Liconsa, Fabio Sistos asegur\u00f3 que la entrega de los pl\u00e1sticos representa crear bases s\u00f3lidas para trabajar como Gobierno republicano, democr\u00e1tico y solidario con la ciudadan\u00eda.<\/p>\n<p>Durante este acto, se entregaron apoyos para cerca de 3 mil familias, que equivalen a que m\u00e1s de 6 mil beneficiaros de colonias como Obrera, Vasco de Quiroga, Ju\u00e1rez, Primavera, Tierra y Libertad y Medallistas.<\/p>\n<p>El S\u00edndico municipal, quien asisti\u00f3 en representaci\u00f3n del Alcalde, Alfonso Mart\u00ednez Alc\u00e1zar, afirm\u00f3 que esta acci\u00f3n genera un ahorro para las familias, que a su vez permite mejorar progresivamente la alimentaci\u00f3n, los estudios y en general, la calidad de vida.<\/p>\n<p>Por su parte, el director general de Liconsa, H\u00e9ctor Pablo Ram\u00edrez Puga Leyva, destac\u00f3 que en el presente a\u00f1o se abrir\u00e1n 2 lecher\u00edas m\u00e1s en Morelia e inform\u00f3 que el consumo de este alimento l\u00e1cteo permite a los ni\u00f1os un mejor crecimiento y desarrollo en su infancia.<\/p>\n<p>Por su parte, el gerente estatal de Liconsa, Ger\u00f3nimo Color Gasca resalt\u00f3 que el consumo de esta leche ayuda a las familias michoacanas a obtener un ahorro en sus recursos econ\u00f3micos y tener una mejor distribuci\u00f3n del presupuesto que tienen destinado a su n\u00facleo familiar.<\/p>\n","protected":false},"excerpt":{"rendered":"<p>El S\u00edndico, Fabio Sistos Rangel destac\u00f3 que la Administraci\u00f3n Municipal tiene el reto de crear mejores condiciones de vida para todos los morelianos y que los apoyos que se  dotan a la poblaci\u00f3n por parte de los Gobiernos Federal, estatal y municipal  sean aprovechados de manera eficiente, <\/p>\n","protected":false},"author":1,"featured_media":19350,"comment_status":"open","ping_status":"open","sticky":false,"template":"","format":"standard","meta":{"footnotes":""},"categories":[14,9],"tags":[],"class_list":["post-19349","post","type-post","status-publish","format-standard","has-post-thumbnail","hentry","category-destacadas","category-morelia"],"_links":{"self":[{"href":"https:\/\/radiowebmx.com\/nota\/wp-json\/wp\/v2\/posts\/19349","targetHints":{"allow":["GET"]}}],"collection":[{"href":"https:\/\/radiowebmx.com\/nota\/wp-json\/wp\/v2\/posts"}],"about":[{"href":"https:\/\/radiowebmx.com\/nota\/wp-json\/wp\/v2\/types\/post"}],"author":[{"embeddable":true,"href":"https:\/\/radiowebmx.com\/nota\/wp-json\/wp\/v2\/users\/1"}],"replies":[{"embeddable":true,"href":"https:\/\/radiowebmx.com\/nota\/wp-json\/wp\/v2\/comments?post=19349"}],"version-history":[{"count":1,"href":"https:\/\/radiowebmx.com\/nota\/wp-json\/wp\/v2\/posts\/19349\/revisions"}],"predecessor-version":[{"id":19351,"href":"https:\/\/radiowebmx.com\/nota\/wp-json\/wp\/v2\/posts\/19349\/revisions\/19351"}],"wp:featuredmedia":[{"embeddable":true,"href":"https:\/\/radiowebmx.com\/nota\/wp-json\/wp\/v2\/media\/19350"}],"wp:attachment":[{"href":"https:\/\/radiowebmx.com\/nota\/wp-json\/wp\/v2\/media?parent=19349"}],"wp:term":[{"taxonomy":"category","embeddable":true,"href":"https:\/\/radiowebmx.com\/nota\/wp-json\/wp\/v2\/categories?post=19349"},{"taxonomy":"post_tag","embeddable":true,"href":"https:\/\/radiowebmx.com\/nota\/wp-json\/wp\/v2\/tags?post=19349"}],"curies":[{"name":"wp","href":"https:\/\/api.w.org\/{rel}","templated":true}]}}