{"id":19346,"date":"2015-11-06T12:35:24","date_gmt":"2015-11-06T18:35:24","guid":{"rendered":"https:\/\/radiowebmx.com\/nota\/?p=19346"},"modified":"2015-11-06T12:35:24","modified_gmt":"2015-11-06T18:35:24","slug":"yanitzi-palomo-exhorto-a-la-sociedad-a-mantener-vigentes-los-valores-de-convivencia-entre-los-ciudadanos","status":"publish","type":"post","link":"https:\/\/radiowebmx.com\/nota\/yanitzi-palomo-exhorto-a-la-sociedad-a-mantener-vigentes-los-valores-de-convivencia-entre-los-ciudadanos\/","title":{"rendered":"YANITZI PALOMO, EXHORT\u00d3 A LA SOCIEDAD A MANTENER VIGENTES LOS VALORES DE CONVIVENCIA ENTRE LOS CIUDADANOS."},"content":{"rendered":"<p>Atendiendo el llamado del Comit\u00e9 Ejecutivo Nacional (CEN) del PRI, este d\u00eda el Comit\u00e9 Directivo Estatal (CDE) se sum\u00f3 a la campa\u00f1a \u201cNoviembre Morado, mes del buen trato 2015\u201d, en donde se llev\u00f3 a cabo el encendido de las luminarias en color morado en las instalaciones del CDE, ante la presencia de la Secretaria General del PRI en Michoac\u00e1n, Yanitzi Palomo Calder\u00f3n.<\/p>\n<p>&nbsp;<\/p>\n<p>La exdiputada, Yanitzi Palomo, destac\u00f3 la importancia de que el PRI se sume a este tipo de campa\u00f1as, pues subray\u00f3 que los pri\u00edstas y la sociedad en general deben pugnar por el buen trato entre los ciudadanos, a fin de coadyuvar a fomentar la vinculaci\u00f3n que debe existir entre personas para mantener siempre la tranquilidad y la paz.<\/p>\n<p>&nbsp;<\/p>\n<p>\u201cNosotros como sociedad estamos obligados a colaborar, a tener bien presentes valores como respeto, cordialidad y tolerancia, esto es fundamental para que una sociedad tenga un desarrollo en todos los sentidos y en el PRI estamos comprometidos con estos valores\u201d afirm\u00f3 Yanitzi Palomo.<\/p>\n<p>&nbsp;<\/p>\n<p>Ante la presencia de secretarios y colaboradores del CDE, se realiz\u00f3 el encendido de las luces en color morado, para conmemorar y no pasar por desapercibido este importante mes, con esto el Revolucionario Institucional, reafirma su compromiso con la sociedad, con el buen trato entre las personas y con los principales valores.<\/p>\n<p>&nbsp;<\/p>\n<p>Cabe destacar que durante este mes se celebra a nivel internacional por la Organizaci\u00f3n de las Naciones Unidas (ONU) el pr\u00f3ximo 16 de Noviembre el D\u00eda Internacional para la Tolerancia; 19 de Noviembre, D\u00eda Internacional para la prevenci\u00f3n del Abuso contra los Ni\u00f1os; 19 de Noviembre, D\u00eda Mundial sin Violencia hacia los Ni\u00f1os; 20 de Noviembre, D\u00eda Mundial de la Infancia; 20 de Noviembre, D\u00eda Internacional de la Conmemoraci\u00f3n de la Declaraci\u00f3n de los Derechos de los Ni\u00f1os.<\/p>\n","protected":false},"excerpt":{"rendered":"<p>Atendiendo el llamado del CEN del PRI, este d\u00eda el CDE se sum\u00f3 a la campa\u00f1a \u201cNoviembre Morado, mes del buen trato 2015\u201d, en donde se llev\u00f3 a cabo el encendido de las luminarias en color morado en las instalaciones del CDE, ante la presencia de la Secretaria General del PRI en Michoac\u00e1n, Yanitzi Palomo Calder\u00f3n.<\/p>\n","protected":false},"author":1,"featured_media":19347,"comment_status":"open","ping_status":"open","sticky":false,"template":"","format":"standard","meta":{"footnotes":""},"categories":[14,11,12],"tags":[],"class_list":["post-19346","post","type-post","status-publish","format-standard","has-post-thumbnail","hentry","category-destacadas","category-partidos-politicos","category-pri"],"_links":{"self":[{"href":"https:\/\/radiowebmx.com\/nota\/wp-json\/wp\/v2\/posts\/19346","targetHints":{"allow":["GET"]}}],"collection":[{"href":"https:\/\/radiowebmx.com\/nota\/wp-json\/wp\/v2\/posts"}],"about":[{"href":"https:\/\/radiowebmx.com\/nota\/wp-json\/wp\/v2\/types\/post"}],"author":[{"embeddable":true,"href":"https:\/\/radiowebmx.com\/nota\/wp-json\/wp\/v2\/users\/1"}],"replies":[{"embeddable":true,"href":"https:\/\/radiowebmx.com\/nota\/wp-json\/wp\/v2\/comments?post=19346"}],"version-history":[{"count":1,"href":"https:\/\/radiowebmx.com\/nota\/wp-json\/wp\/v2\/posts\/19346\/revisions"}],"predecessor-version":[{"id":19348,"href":"https:\/\/radiowebmx.com\/nota\/wp-json\/wp\/v2\/posts\/19346\/revisions\/19348"}],"wp:featuredmedia":[{"embeddable":true,"href":"https:\/\/radiowebmx.com\/nota\/wp-json\/wp\/v2\/media\/19347"}],"wp:attachment":[{"href":"https:\/\/radiowebmx.com\/nota\/wp-json\/wp\/v2\/media?parent=19346"}],"wp:term":[{"taxonomy":"category","embeddable":true,"href":"https:\/\/radiowebmx.com\/nota\/wp-json\/wp\/v2\/categories?post=19346"},{"taxonomy":"post_tag","embeddable":true,"href":"https:\/\/radiowebmx.com\/nota\/wp-json\/wp\/v2\/tags?post=19346"}],"curies":[{"name":"wp","href":"https:\/\/api.w.org\/{rel}","templated":true}]}}