{"id":19344,"date":"2015-11-06T12:31:20","date_gmt":"2015-11-06T18:31:20","guid":{"rendered":"https:\/\/radiowebmx.com\/nota\/?p=19344"},"modified":"2015-11-06T12:31:20","modified_gmt":"2015-11-06T18:31:20","slug":"temas-de-cafe-394","status":"publish","type":"post","link":"https:\/\/radiowebmx.com\/nota\/temas-de-cafe-394\/","title":{"rendered":"TEMAS DE CAF\u00c9"},"content":{"rendered":"<ul>\n<li><a href=\"https:\/\/radiowebmx.com\/nota\/wp-content\/uploads\/2013\/06\/temas-de-cafe.jpg\"><img loading=\"lazy\" decoding=\"async\" class=\"alignleft size-full wp-image-2805\" alt=\"temas de cafe\" src=\"https:\/\/radiowebmx.com\/nota\/wp-content\/uploads\/2013\/06\/temas-de-cafe.jpg\" width=\"295\" height=\"171\" \/><\/a>VAN POR DERECHOS HUMANOS<\/li>\n<li>LILIANA LOPEZ: \u00bfINCLUYENTE?<\/li>\n<li>AL MAESTRO CON CARI\u00d1O: HAC<\/li>\n<li>CARLOS RIO INTEGRA A SEDECO<\/li>\n<\/ul>\n<p>Hoy hay varios\u00a0 personajes que van tras la titularidad, de la Comisi\u00f3n\u00a0 de Derechos Humanos en Michoac\u00e1n, ya le hemos presentado algunos personajes, que han levantado la mano y todos tienen ideas y propuestas, para mejorar esta instituci\u00f3n que en los \u00faltimos a\u00f1os, ha estado devaluada ya que se\u00a0 ha convertido, en un extensi\u00f3n del gobierno del estado, y es que tradicionalmente la decisi\u00f3n del titular, de esta Comisi\u00f3n ha estado en manos de la bancada del PAN, pero en esta ocasi\u00f3n la bancada azul se encuentra muy disminuida, por lo cual es casi seguro que, se la cambien por otra encomienda, porque parece que no le alcanza para mantener en su poder esta comisi\u00f3n.<\/p>\n<p>ENTRE EL PRD Y EL PRI LA DESIGNACI\u00d3N<\/p>\n<p>De esta manera si se elimina al PAN, que sigue peleando pero con pocas probabilidades de ganar, quedar\u00eda la gran decisi\u00f3n en las bancadas del PRD y del PRI, pero sucede que la bancada que preside Pascual Sigala, es del PRD el partido en el poder, entonces no le conviene tener de su lado a la Comisi\u00f3n Estatal de los Derechos Humanos, porque ser\u00eda contra producente, se caer\u00eda en el mismo vicio que se encuentra hoy, en que esta comisi\u00f3n se convirti\u00f3 en una ap\u00e9ndice o extensi\u00f3n del gobierno del estado.<\/p>\n<p>Ante esto la designaci\u00f3n le puede corresponder, a la bancada del PRI pero hoy esta bancada se encuentra, m\u00e1s fraccionada que las anteriores, porque debemos recordar que las bancadas del PRI, siempre han estado divididas, pero por lo menos antes era entre dos fracciones, pero hoy se pueden contar hasta tres, por lo cual se podr\u00eda conflictuar la desici\u00f3n, porque no habr\u00eda unanimidad en la decisi\u00f3n, por lo cual de corresponderle al PRI esta decisi\u00f3n, seguramente el ganador tendr\u00eda que contar con los votos de las bancadas del PAN y del PRD.<\/p>\n<p>VICTOR MANUEL SERRATO Y RAMIRO PE\u00d1A<\/p>\n<p>Entre los aspirantes a presidir esta comisi\u00f3n, destaca como ya le hemos comentado V\u00edctor Manuel Serrato,\u00a0 ya presidi\u00f3 esta Comisi\u00f3n Estatal y lo hizo en forma aceptable, por otra parte Ramiro Pe\u00f1a ha estado trabajando, desde hace varios meses para presidir esta comisi\u00f3n, y hasta ahora ha platicado con integrantes de las bancadas del PRD, del PAN y del PRI, as\u00ed como con agrupaciones de la sociedad civil, como la Coalici\u00f3n Asociaci\u00f3n Familias y Hombres de M\u00e9xico e Internacional, que agrupa a 55 agrupaciones, las cuales har\u00e1n la propuesta al Congreso, cuando se tome la decisi\u00f3n si es que Ramiro logra integrar la terna final. Lo mejor ser\u00eda que ambos Serrato y Ramiro, como han demostrado tener m\u00e1s fortalezas hicieran equipo.<\/p>\n<p>\u00bfEN UN MES ARREGLAR LO DE VEINTE A\u00d1OS?<\/p>\n<p>Nos extra\u00f1\u00f3 que Adriana Hern\u00e1ndez, haya encabezado una conferencia de prensa, donde se expresaron algunas barbaridades, antes perm\u00edtame recordarle que el PRI nunca ha sido una oposici\u00f3n\u00a0 de respeto, porque no sabe hacerlo y cuando lo hace todo les sale mal, veamos no fue toda la bancada priista, solamente una peque\u00f1a parte, y entre otras cosas advirtieron que Silvano no ha hecho nada hasta ahorita, para sacar a Michoac\u00e1n de la crisis en la cual se encuentra.<\/p>\n<p>Y nos preguntamos, \u00bfquieren que Silvano solucione los problemas que se han acumulado en la entidad, por lo menos en los \u00faltimos veinte a\u00f1os?, la verdad exageran porque la crisis econ\u00f3mica surgi\u00f3 por lo menos hace veinte a\u00f1os, desde que la CNTE se fortaleci\u00f3, y empez\u00f3 a imponer sus locas minutas, que la costaron al gobierno, miles de millones de pesos, que obviamente no ten\u00eda por lo cual ten\u00eda que conseguirlos, y como no se pagaban a tiempo pasaban a deuda a largo plazo, y la inseguridad unos 15 a\u00f1os, as\u00ed que con calma que va de prisa.<\/p>\n<p>NO APOYARAN LA REESTRUCTURACION DE LA DEUDA<\/p>\n<p>Todav\u00eda no se comentaba nada solamente se hab\u00eda se\u00f1alado que era posible, que se recurriera una reestructuraci\u00f3n de la deuda, para poder disponer de recursos frescos, aunque se prolongara el pago por varios a\u00f1os m\u00e1s, y los priistas encabezados por Adriana Hern\u00e1ndez, advirtieron que no la apoyar\u00edan y peor ahora dijo Carlos Maldonado, secretario de Finanzas, que solicitar\u00edan un nuevo cr\u00e9dito por mil 900 millones, y aprovechar\u00edan el remanente del cr\u00e9dito de Banobras, que las administraciones pasadas no usaron.<\/p>\n<p>Pero la situaci\u00f3n est\u00e1 peor cuando, se recuerda que el \u00faltimo gobierno fue priista, encabezado primero por Fausto Vallejo, Jes\u00fas Reyna y Salvador Jara y de acuerdo a las acusaciones dadas a conocer, en los \u00faltimos d\u00edas se les pueden hacer cargos, por algunos recursos mal administrados, esto en forma presunta desde luego,\u00a0 pero lo risible fue cuando Rossy de la Torre dijo que se sancionar\u00edan, a los responsables donde aparece su protector Salvador Jara, y se supone que tanto ella como Yarav\u00ed Avila entre otros los pusieron ah\u00ed, para que lo defiendan, no para que lo acusen, si la pol\u00edtica es un arte de los dioses, que no se le da a muchos mortales.<\/p>\n<p>HUMBERTO AGUILAR, AL MAESTRO CON CARI\u00d1O<\/p>\n<p>Con simpat\u00eda nos enteramos de que en la Facultad de Derecho y Ciencias Sociales, recordaron al maestro Humberto Aguilar Cort\u00e9s, quien nos impartiera la c\u00e1tedra de amparo en la Facultad, de la cual fue tres veces director y trabaj\u00f3 por 55 a\u00f1os, sin descanso porque fue uno de los maestros que dif\u00edcilmente faltaba a su c\u00e1tedra, adem\u00e1s era una delicia escucharlo en clase, porque ten\u00eda una cultura amplia, que impresionaba, fue nuestro compa\u00f1ero de generaci\u00f3n, Jorge Orozco Flores el orador central, y destac\u00f3 lo mejor del maestro.<\/p>\n<p>ROBERTO CARLOS FORTALECE ESTRUCTURA DE LA CNC<\/p>\n<p>El dirigente estatal de la CNC michoacana, Roberto Carlos L\u00f3pez adem\u00e1s diputado local, ha estado recorriendo varios municipios, entre los cuales destaca Puru\u00e1ndiro, Zit\u00e1cuaro, Taretan y Jacona, con la idea de tener una estructura s\u00f3lida, para el aniversario de este Confederaci\u00f3n, para el pr\u00f3ximo mes de diciembre, y lo hace acompa\u00f1ado de una parte del\u00a0 comit\u00e9 estatal como son Vicente Estrada, secretario de organizaci\u00f3n, as\u00ed como de Jes\u00fas Luna y Ricardo Guzm\u00e1n, se ha integrado con benepl\u00e1cito Rosita Molina.<\/p>\n<p>CARLOS RIO SUBSECRETARIO DE LA SEDECO<\/p>\n<p>Antonio Soto ayer present\u00f3 a los integrantes de la Sedeco, a Carlos R\u00edo quien qued\u00f3 responsable de la subsecretar\u00eda, para atender todo lo relacionado con el apoyo a la micro, peque\u00f1a y mediana industria de la entidad, estamos seguros que la madurez de Carlos R\u00edo, y la experiencia que ha adquirido en los diversos puestos donde ha trabajado, ser\u00e1n de enorme utilidad para desarrollar, estas actividades en la entidad, y desde luego ser\u00e1 de gran apoyo para Antonio Soto.<\/p>\n<p>INTERESANTE SESION EN EL CONGRESO MICHOACANO<\/p>\n<p>Ayer jueves se desarroll\u00f3 una interesante sesi\u00f3n, en el Congreso del Estado, tal vez lo \u00fanico que se debe corregir, es que si dan a conocer que las sesiones inician a las 10 de la ma\u00f1ana, lo hagan porque no se ha acabado la costumbre, de que las sesiones inician tarde, por lo menos una hora o m\u00e1s, pero esto ha sido siempre, en esta ocasi\u00f3n llamaron la atenci\u00f3n, varias iniciativas presentadas una por Ernesto N\u00fa\u00f1ez, para proteger a los perros gu\u00edas, que sirven a los invidentes.<\/p>\n<p>SESQUICENTENARIO DEL CANJE EN ACUITZIO<\/p>\n<p>Nos sorprendi\u00f3 la diputada priista Rosal\u00eda Miranda Ar\u00e9valo, quien propuso con motivo del sesquicentenario, del canje de prisioneros que se dio en Acuitzio, por eso se llama del Canje, el 5 de diciembre de 1865 y en su\u00a0 exposici\u00f3n fue de motivos logr\u00f3 imprimir la emoci\u00f3n,\u00a0 que se present\u00f3 ese d\u00eda, pero como es un tema que es importante, por la fecha ma\u00f1ana lo desarrollaremos con la amplitud que merece, porque en verdad es interesante, tambi\u00e9n destac\u00f3 la iniciativa para tratar de evitar, que los productores de sorgo y ma\u00edz sigan siendo defraudados, por empresas que les pagan\u00a0 con cheques falsos,\u00a0 y present\u00f3 un caso en particular, ma\u00f1ana lo ampliaremos porque vale la pena,<\/p>\n<p>LILIANA LOPEZ Y LOS HOTELEROS, NO M\u00c1S<\/p>\n<p>Llam\u00f3 la atenci\u00f3n que la titular de Turismo, que como le comentamos no tuvo nada que ver, con el incremento de turistas los d\u00edas de la noche de muertos, al dar a conocer las cifras solamente se hizo acompa\u00f1ar de Agust\u00edn Arriaga, dirigente de los hoteleros cuando no solamente ellos, son prestadores de servicios tur\u00edsticos, es m\u00e1s Agust\u00edn representa a una peque\u00f1a parte de los hoteleros, hay en el estado como 700 y el representa solamente 120, Liliana deber\u00eda ser m\u00e1s incluyente.<\/p>\n","protected":false},"excerpt":{"rendered":"<p>\u2022\tVAN POR DERECHOS HUMANOS<br \/>\n\u2022\tLILIANA LOPEZ: \u00bfINCLUYENTE?<br \/>\n\u2022\tAL MAESTRO CON CARI\u00d1O: HAC<br \/>\n\u2022\tCARLOS RIO INTEGRA A SEDECO<\/p>\n","protected":false},"author":1,"featured_media":0,"comment_status":"open","ping_status":"open","sticky":false,"template":"","format":"standard","meta":{"footnotes":""},"categories":[4,14,10],"tags":[],"class_list":["post-19344","post","type-post","status-publish","format-standard","hentry","category-columnistas","category-destacadas","category-juan-manuel-belmonte"],"_links":{"self":[{"href":"https:\/\/radiowebmx.com\/nota\/wp-json\/wp\/v2\/posts\/19344","targetHints":{"allow":["GET"]}}],"collection":[{"href":"https:\/\/radiowebmx.com\/nota\/wp-json\/wp\/v2\/posts"}],"about":[{"href":"https:\/\/radiowebmx.com\/nota\/wp-json\/wp\/v2\/types\/post"}],"author":[{"embeddable":true,"href":"https:\/\/radiowebmx.com\/nota\/wp-json\/wp\/v2\/users\/1"}],"replies":[{"embeddable":true,"href":"https:\/\/radiowebmx.com\/nota\/wp-json\/wp\/v2\/comments?post=19344"}],"version-history":[{"count":1,"href":"https:\/\/radiowebmx.com\/nota\/wp-json\/wp\/v2\/posts\/19344\/revisions"}],"predecessor-version":[{"id":19345,"href":"https:\/\/radiowebmx.com\/nota\/wp-json\/wp\/v2\/posts\/19344\/revisions\/19345"}],"wp:attachment":[{"href":"https:\/\/radiowebmx.com\/nota\/wp-json\/wp\/v2\/media?parent=19344"}],"wp:term":[{"taxonomy":"category","embeddable":true,"href":"https:\/\/radiowebmx.com\/nota\/wp-json\/wp\/v2\/categories?post=19344"},{"taxonomy":"post_tag","embeddable":true,"href":"https:\/\/radiowebmx.com\/nota\/wp-json\/wp\/v2\/tags?post=19344"}],"curies":[{"name":"wp","href":"https:\/\/api.w.org\/{rel}","templated":true}]}}