{"id":19341,"date":"2015-11-06T12:27:40","date_gmt":"2015-11-06T18:27:40","guid":{"rendered":"https:\/\/radiowebmx.com\/nota\/?p=19341"},"modified":"2015-11-06T12:27:40","modified_gmt":"2015-11-06T18:27:40","slug":"en-michoacan-se-fortaleceran-los-programas-de-beneficio-social-silvano-aureoles","status":"publish","type":"post","link":"https:\/\/radiowebmx.com\/nota\/en-michoacan-se-fortaleceran-los-programas-de-beneficio-social-silvano-aureoles\/","title":{"rendered":"En Michoac\u00e1n se fortalecer\u00e1n los programas de beneficio social: Silvano Aureoles"},"content":{"rendered":"<p>El Gobernador del Estado, Silvano Aureoles Conejo, afirm\u00f3 que en la entidad se fortalecer\u00e1n los programas de beneficio social, al hacer entrega con autoridades federales de m\u00e1s de tres mil nuevas tarjetas a beneficiarios del Programa de Abasto Social de Leche de Liconsa.<\/p>\n<p>En presencia del director general de la dependencia federal, H\u00e9ctor Pablo Ram\u00edrez Puga Leyva, Aureoles Conejo reconoci\u00f3 la labor que realiza la paraestatal en el pa\u00eds y particularmente en Michoac\u00e1n, al referir que tan s\u00f3lo en la capital del estado, mensualmente se distribuyen 800 mil litros de leche, con un beneficio directo para las mujeres, hombres y en especial para los adultos mayores, ni\u00f1as y ni\u00f1os.<\/p>\n<p>El mandatario recalc\u00f3 que pronto se estar\u00e1n dando a conocer otros programas de apoyo sobre todo para el sector femenino, para las madres solteras, con el objetivo de que puedan sacar adelante a sus hijas e hijos.<\/p>\n<p>\u201cQuiz\u00e1 puede haber cualquier otra carencia que se puede dejar de lado pero la alimentaci\u00f3n no se puede retrasar, por eso la importancia de fortalecer los programas de car\u00e1cter alimentario sobre todo para las colonias y comunidades con m\u00e1s necesidad\u201d.<\/p>\n<p>El mandatario estatal sostuvo que se trabaja en un solo frente \u201cporque lo que requerimos es hacer equipo para resolver los problemas, pensando en las necesidades de los ciudadanos\u201d.<\/p>\n<p>Anunci\u00f3 que su propuesta es signar un convenio con el Gobierno Federal a trav\u00e9s de Liconsa para que la leche que se pueda producir en Michoac\u00e1n la compre la dependencia para su distribuci\u00f3n, con lo cual se estar\u00eda beneficiando a los productores de la entidad.<\/p>\n<p>Por su parte, el director general de Liconsa, H\u00e9ctor Pablo Ram\u00edrez, precis\u00f3 que en los pr\u00f3ximos meses se estar\u00e1n abriendo nuevas lecher\u00edas en los municipios de Zacapu, \u00c1lvaro Obreg\u00f3n, Jacona y dos m\u00e1s en Morelia en apoyo al estado, con m\u00e1s de 2 mil nuevos beneficiarios.<\/p>\n<p>Apunt\u00f3 que seg\u00fan el Instituto Nacional de Salud P\u00fablica, los ni\u00f1os que\u00a0 consumen leche Liconsa en etapa temprana despu\u00e9s de los seis meses llegan a crecer hasta 2.5 cent\u00edmetros m\u00e1s y a desarrollar hasta 700 gramos de masa muscular.<\/p>\n<p>Coment\u00f3 que con acciones como \u00e9sta se acata la instrucci\u00f3n del presidente Enrique Pe\u00f1a Nieto, a trav\u00e9s del Plan Michoac\u00e1n para que se apoye a la entidad con programas sociales que beneficien la econom\u00eda de las familias.<\/p>\n<p>En tanto, manifest\u00f3 que derivado de la petici\u00f3n del Gobernador Silvano Aureoles, para beneficiar con mayor fuerza a los productores ganaderos michoacanos, en pr\u00f3ximas fechas la dependencia a su cargo comprar\u00e1 m\u00e1s leche en la entidad para distribuirla en varios estados de la Rep\u00fablica Mexicana.<\/p>\n<p>Por su parte, el gerente estatal de Liconsa, Ger\u00f3nimo Color Gasca, apunt\u00f3 que el Programa de Abasto Social de Leche forma parte de la pol\u00edtica de Nueva Generaci\u00f3n implementada por el presidente Enrique Pe\u00f1a Nieto y constituye una historia de \u00e9xito alimentario.<\/p>\n<p>En su turno, Ofelia Hern\u00e1ndez Cort\u00e9s, en representaci\u00f3n de las beneficiarias, agradeci\u00f3 los apoyos de Liconsa, al se\u00f1alar que desde hace 18 a\u00f1os ha estado afiliada a dicho programa, lo que se ha traducido en ahorros para su familia.<\/p>\n<p>A la entrega de tarjetas, tambi\u00e9n asisti\u00f3, Florentino Coalla Pulido, delegado de la Secretar\u00eda de Gobernaci\u00f3n; la secretaria de Pol\u00edtica Social estatal, Miriam Tinoco Soto; la diputada local, Yarab\u00ed \u00c1vila Gonz\u00e1lez; el legislador Miguel \u00c1ngel Villegas Soto y el s\u00edndico municipal de Morelia, Fabio Sistos Rangel.<\/p>\n<p>Cabe se\u00f1alar que se hizo entrega de nuevas tarjetas a hombres y mujeres de las colonias Tierra y Libertad, Ju\u00e1rez, Granjas del Maestro, Vasco de Quiroga, Industrial, entre otras, del municipio de Morelia.<\/p>\n","protected":false},"excerpt":{"rendered":"<p>El Gobernador del Estado, Silvano Aureoles Conejo, afirm\u00f3 que en la entidad se fortalecer\u00e1n los programas de beneficio social, al hacer entrega con autoridades federales de m\u00e1s de tres mil nuevas tarjetas a beneficiarios del Programa de Abasto Social de Leche de Liconsa.<\/p>\n","protected":false},"author":1,"featured_media":19342,"comment_status":"open","ping_status":"open","sticky":false,"template":"","format":"standard","meta":{"footnotes":""},"categories":[14,3],"tags":[],"class_list":["post-19341","post","type-post","status-publish","format-standard","has-post-thumbnail","hentry","category-destacadas","category-gobierno-del-estado-de-michoacan"],"_links":{"self":[{"href":"https:\/\/radiowebmx.com\/nota\/wp-json\/wp\/v2\/posts\/19341","targetHints":{"allow":["GET"]}}],"collection":[{"href":"https:\/\/radiowebmx.com\/nota\/wp-json\/wp\/v2\/posts"}],"about":[{"href":"https:\/\/radiowebmx.com\/nota\/wp-json\/wp\/v2\/types\/post"}],"author":[{"embeddable":true,"href":"https:\/\/radiowebmx.com\/nota\/wp-json\/wp\/v2\/users\/1"}],"replies":[{"embeddable":true,"href":"https:\/\/radiowebmx.com\/nota\/wp-json\/wp\/v2\/comments?post=19341"}],"version-history":[{"count":1,"href":"https:\/\/radiowebmx.com\/nota\/wp-json\/wp\/v2\/posts\/19341\/revisions"}],"predecessor-version":[{"id":19343,"href":"https:\/\/radiowebmx.com\/nota\/wp-json\/wp\/v2\/posts\/19341\/revisions\/19343"}],"wp:featuredmedia":[{"embeddable":true,"href":"https:\/\/radiowebmx.com\/nota\/wp-json\/wp\/v2\/media\/19342"}],"wp:attachment":[{"href":"https:\/\/radiowebmx.com\/nota\/wp-json\/wp\/v2\/media?parent=19341"}],"wp:term":[{"taxonomy":"category","embeddable":true,"href":"https:\/\/radiowebmx.com\/nota\/wp-json\/wp\/v2\/categories?post=19341"},{"taxonomy":"post_tag","embeddable":true,"href":"https:\/\/radiowebmx.com\/nota\/wp-json\/wp\/v2\/tags?post=19341"}],"curies":[{"name":"wp","href":"https:\/\/api.w.org\/{rel}","templated":true}]}}