{"id":19336,"date":"2015-11-06T12:16:45","date_gmt":"2015-11-06T18:16:45","guid":{"rendered":"https:\/\/radiowebmx.com\/nota\/?p=19336"},"modified":"2015-11-06T12:16:45","modified_gmt":"2015-11-06T18:16:45","slug":"cobaem-invita-a-los-docentes-a-ser-parte-del-proceso-de-evaluacion","status":"publish","type":"post","link":"https:\/\/radiowebmx.com\/nota\/cobaem-invita-a-los-docentes-a-ser-parte-del-proceso-de-evaluacion\/","title":{"rendered":"Cobaem invita a los docentes a ser parte del proceso de evaluaci\u00f3n"},"content":{"rendered":"<p>El Director General del Colegio de Bachilleres del Estado de Michoac\u00e1n (COBAEM), Alejandro Bustos Aguilar, sostuvo una reuni\u00f3n con directivos del subsistema y los 341 docentes electos para llevar a cabo la evaluaci\u00f3n docente que tiene contemplada la Reforma Educativa y dejo muy en claro que \u00e9sta de ninguna manera tiene como objetivo central da\u00f1ar los derechos laborales de los aplicantes.<\/p>\n<p>Alejandro Bustos Aguilar fue contundente al mencionarles que \u201cno estamos aqu\u00ed para obligarlos a presentarse a la evaluaci\u00f3n, \u00e9sta es una decisi\u00f3n personal de cada uno de ustedes y para ello los invito a leer la Ley emitida por el Gobierno Federal y hacer su propio juicio\u201d. Lo anterior, luego de se\u00f1alar que existen siempre rumores que entorpecen el \u00e1nimo de quienes s\u00ed tienen inter\u00e9s en realizar la evaluaci\u00f3n para conocer sus \u00e1reas de oportunidad y con ello enaltecer la labor docente.<\/p>\n<p>Dentro de las directrices que explic\u00f3 el Director de este subsistema, est\u00e1n la protecci\u00f3n de los derechos laborales adquiridos por cada docente, es decir, que tendr\u00e1n hasta tres oportunidades para ser evaluados como \u201cid\u00f3neos\u201d y si a\u00fan despu\u00e9s de las tres oportunidades, eso no sucede, de ninguna manera ser\u00e1n cesados, sino ser\u00e1n canalizados a diversas \u00e1reas administrativas con su sueldo completo, prestaciones y bonos intactos adem\u00e1s de que en todo momento ser\u00e1 tomada su antig\u00fcedad.<\/p>\n<p>Recalc\u00f3 a los ah\u00ed presentes que la realizaci\u00f3n de la evaluaci\u00f3n es una indicaci\u00f3n que proviene desde la Federaci\u00f3n y que no est\u00e1 en manos estatales postergar o cancelar dicha evaluaci\u00f3n. Explic\u00f3 adem\u00e1s que deber\u00eda ser tomada como una oportunidad personal para mejorar la actividad docente y con ello reforzar los perfiles de los egresados del Colegio de Bachilleres.<\/p>\n<p>\u201cEs por ello que nuestro respaldo al gobernador Silvano Aureoles Conejo es contundente, porque nuestro subsistema desea tambi\u00e9n contar con la calidad educativa que estamos seguros que nuestros maestros tienen\u201d, puntualiz\u00f3 Bustos Aguilar, Director General del COBAEM.<\/p>\n<p>Estuvieron presentes durante la reuni\u00f3n: Dr. Alejandro Bustos Aguilar, Director General del COBAEM; M.V.Z. Gonzalo Ferreyra Garc\u00eda, Director Acad\u00e9mico; L.E.F Eduardo Mendoza Andrade; Lic. Alicia Ornelas Heredia, integrante del SITCBEM; Lic. Ma. Patricia del Carmen Valencia Ortiz, Secretaria de Trabajo del SITCBEM; Lic. Leonel Vladimir Alipio Jim\u00e9nez, Asesor Jur\u00eddico del SITCBEM.<\/p>\n","protected":false},"excerpt":{"rendered":"<p>El Director General del COBAEM, Alejandro Bustos Aguilar, sostuvo una reuni\u00f3n con directivos del subsistema y los 341 docentes electos para llevar a cabo la evaluaci\u00f3n docente que tiene contemplada la Reforma Educativa y dejo muy en claro que \u00e9sta de ninguna manera tiene como objetivo central da\u00f1ar los derechos laborales de los aplicantes.<\/p>\n","protected":false},"author":1,"featured_media":19337,"comment_status":"open","ping_status":"open","sticky":false,"template":"","format":"standard","meta":{"footnotes":""},"categories":[14,3],"tags":[],"class_list":["post-19336","post","type-post","status-publish","format-standard","has-post-thumbnail","hentry","category-destacadas","category-gobierno-del-estado-de-michoacan"],"_links":{"self":[{"href":"https:\/\/radiowebmx.com\/nota\/wp-json\/wp\/v2\/posts\/19336","targetHints":{"allow":["GET"]}}],"collection":[{"href":"https:\/\/radiowebmx.com\/nota\/wp-json\/wp\/v2\/posts"}],"about":[{"href":"https:\/\/radiowebmx.com\/nota\/wp-json\/wp\/v2\/types\/post"}],"author":[{"embeddable":true,"href":"https:\/\/radiowebmx.com\/nota\/wp-json\/wp\/v2\/users\/1"}],"replies":[{"embeddable":true,"href":"https:\/\/radiowebmx.com\/nota\/wp-json\/wp\/v2\/comments?post=19336"}],"version-history":[{"count":1,"href":"https:\/\/radiowebmx.com\/nota\/wp-json\/wp\/v2\/posts\/19336\/revisions"}],"predecessor-version":[{"id":19338,"href":"https:\/\/radiowebmx.com\/nota\/wp-json\/wp\/v2\/posts\/19336\/revisions\/19338"}],"wp:featuredmedia":[{"embeddable":true,"href":"https:\/\/radiowebmx.com\/nota\/wp-json\/wp\/v2\/media\/19337"}],"wp:attachment":[{"href":"https:\/\/radiowebmx.com\/nota\/wp-json\/wp\/v2\/media?parent=19336"}],"wp:term":[{"taxonomy":"category","embeddable":true,"href":"https:\/\/radiowebmx.com\/nota\/wp-json\/wp\/v2\/categories?post=19336"},{"taxonomy":"post_tag","embeddable":true,"href":"https:\/\/radiowebmx.com\/nota\/wp-json\/wp\/v2\/tags?post=19336"}],"curies":[{"name":"wp","href":"https:\/\/api.w.org\/{rel}","templated":true}]}}