{"id":19333,"date":"2015-11-06T12:14:34","date_gmt":"2015-11-06T18:14:34","guid":{"rendered":"https:\/\/radiowebmx.com\/nota\/?p=19333"},"modified":"2015-11-06T12:14:34","modified_gmt":"2015-11-06T18:14:34","slug":"presenta-gobierno-del-estado-1a-edicion-de-carrera-atletica-corre-con-tu-policia-2015","status":"publish","type":"post","link":"https:\/\/radiowebmx.com\/nota\/presenta-gobierno-del-estado-1a-edicion-de-carrera-atletica-corre-con-tu-policia-2015\/","title":{"rendered":"Presenta Gobierno del Estado 1\u00aa Edici\u00f3n de Carrera Atl\u00e9tica \u201cCorre con tu Polic\u00eda 2015\u201d"},"content":{"rendered":"<p>Con el objetivo de fomentar una cultura de la actividad f\u00edsica y el deporte entre la sociedad michoacana, el Gobierno del Estado encabezado por Silvano Aureoles Conejo, realizar\u00e1 a trav\u00e9s de la Secretar\u00eda de Seguridad P\u00fablica en conjunto con la Comisi\u00f3n Estatal de Cultura F\u00edsica y Deporte (Cecufid), la primera Edici\u00f3n de la Carrera Atl\u00e9tica por la Seguridad de Michoac\u00e1n \u201cCorre con tu Polic\u00eda 2015\u201d, a celebrarse el pr\u00f3ximo domingo 8\u00a0 noviembre en esta ciudad capital.<\/p>\n<p>As\u00ed lo informaron en conferencia de prensa Edna Gisel D\u00edaz, titular de la Cecufid y el secretario de Seguridad P\u00fablica, Jos\u00e9 Antonio Bernal Bustamante, quien destac\u00f3 que el objetivo primordial es tener contacto con la sociedad, \u201cesa cercan\u00eda que debe existir entre un polic\u00eda con la ciudadan\u00eda, el poder cambiar paradigmas para que vean a la\u00a0autoridad con confianza\u201d, por ello, invit\u00f3 a la poblaci\u00f3n a que se involucren en esta actividad de convivencia familiar.<\/p>\n<p>Por su parte, Edna D\u00edaz Acevedo, titular de la Cecufid, resalt\u00f3 el trabajo en conjunto con las diferentes dependencias en pro de la sociedad michoacana,\u00a0 \u201cpara nosotros es muy importante estar en contacto con las diferentes dependencias e instituciones estatales, porque el deporte tiene que ver con todo, y ahora la idea es implementar la actividad f\u00edsica como un m\u00e9todo preventivo, por eso vamos de la mano para que sea la primera de muchas actividades que podamos realizar\u201d.<\/p>\n<p>En esta Carrera Atl\u00e9tica por la Seguridad de Michoac\u00e1n \u201cCorre con tu Polic\u00eda 2015\u201d, participar\u00e1 el mandatario estatal Silvano Aureoles Conejo, quien instruy\u00f3 a la Cecufid, as\u00ed como a la SSP para realizar de manera coordinada la primera edici\u00f3n de \u00a0esta justa deportiva.<\/p>\n<p>Por tal motivo, el Gobierno del Estado invita al p\u00fablico en general para participar en la carrera, la cual se celebrar\u00e1 en modalidades de 2.5, 5 y 10 kil\u00f3metros y que ser\u00e1 gratuita para la ciudadan\u00eda, con el firme objetivo de fomentar la actividad f\u00edsica. Adem\u00e1s, se entregar\u00e1 un bolsa a repartir entre los primeros lugares de 31 mil 500 pesos.<\/p>\n<p>La cita ser\u00e1 el pr\u00f3ximo domingo 8 del presente mes, a partir de las 08:00 horas, con salida y meta sobre Avenida Camelinas, esquina con Ventura Puente, a la altura de \u2018La Paloma\u2019; con direcci\u00f3n hac\u00eda el Boulevard Garc\u00eda de Le\u00f3n, es decir, se trazar\u00e1 un circuito de 5 kil\u00f3metros.<\/p>\n<p>Las categor\u00edas son: Infantil; Juvenil (15 a 18 a\u00f1os), Libre (19 a 34 a\u00f1o), M\u00e1ster (35 a 49 a\u00f1os), Veteranos (50 en adelante), as\u00ed como Familiar, la cual ser\u00e1 para personas que deseen caminar de manera recreativa, adem\u00e1s de una exclusiva de deporte adaptado.<\/p>\n<p>Todos los interesados podr\u00e1n inscribirse de manera gratuita en las instalaciones de la Secretar\u00eda de Seguridad P\u00fablica del Estado, ubicada en Teodoro Gamero #165, Colonia Sentimientos de la Naci\u00f3n, adem\u00e1s de la Comisi\u00f3n Estatal de Cultura F\u00edsica y Deporte, que se encuentra en la calle Chiapas de la Colonia Molino de Parras.<\/p>\n","protected":false},"excerpt":{"rendered":"<p>Con el objetivo de fomentar una cultura de la actividad f\u00edsica y el deporte entre la sociedad michoacana, el Gobierno del Estado encabezado por Silvano Aureoles Conejo, realizar\u00e1 a trav\u00e9s de la Secretar\u00eda de Seguridad P\u00fablica en conjunto con la Cecufid, <\/p>\n","protected":false},"author":1,"featured_media":19334,"comment_status":"open","ping_status":"open","sticky":false,"template":"","format":"standard","meta":{"footnotes":""},"categories":[14,3],"tags":[],"class_list":["post-19333","post","type-post","status-publish","format-standard","has-post-thumbnail","hentry","category-destacadas","category-gobierno-del-estado-de-michoacan"],"_links":{"self":[{"href":"https:\/\/radiowebmx.com\/nota\/wp-json\/wp\/v2\/posts\/19333","targetHints":{"allow":["GET"]}}],"collection":[{"href":"https:\/\/radiowebmx.com\/nota\/wp-json\/wp\/v2\/posts"}],"about":[{"href":"https:\/\/radiowebmx.com\/nota\/wp-json\/wp\/v2\/types\/post"}],"author":[{"embeddable":true,"href":"https:\/\/radiowebmx.com\/nota\/wp-json\/wp\/v2\/users\/1"}],"replies":[{"embeddable":true,"href":"https:\/\/radiowebmx.com\/nota\/wp-json\/wp\/v2\/comments?post=19333"}],"version-history":[{"count":1,"href":"https:\/\/radiowebmx.com\/nota\/wp-json\/wp\/v2\/posts\/19333\/revisions"}],"predecessor-version":[{"id":19335,"href":"https:\/\/radiowebmx.com\/nota\/wp-json\/wp\/v2\/posts\/19333\/revisions\/19335"}],"wp:featuredmedia":[{"embeddable":true,"href":"https:\/\/radiowebmx.com\/nota\/wp-json\/wp\/v2\/media\/19334"}],"wp:attachment":[{"href":"https:\/\/radiowebmx.com\/nota\/wp-json\/wp\/v2\/media?parent=19333"}],"wp:term":[{"taxonomy":"category","embeddable":true,"href":"https:\/\/radiowebmx.com\/nota\/wp-json\/wp\/v2\/categories?post=19333"},{"taxonomy":"post_tag","embeddable":true,"href":"https:\/\/radiowebmx.com\/nota\/wp-json\/wp\/v2\/tags?post=19333"}],"curies":[{"name":"wp","href":"https:\/\/api.w.org\/{rel}","templated":true}]}}