{"id":19326,"date":"2015-11-05T13:17:10","date_gmt":"2015-11-05T19:17:10","guid":{"rendered":"https:\/\/radiowebmx.com\/nota\/?p=19326"},"modified":"2015-11-05T13:17:10","modified_gmt":"2015-11-05T19:17:10","slug":"educacion-prioritaria-y-fundamental-para-apuntalar-el-progreso-de-michoacan-silvano-aureoles-2","status":"publish","type":"post","link":"https:\/\/radiowebmx.com\/nota\/educacion-prioritaria-y-fundamental-para-apuntalar-el-progreso-de-michoacan-silvano-aureoles-2\/","title":{"rendered":"Educaci\u00f3n, prioritaria y fundamental para apuntalar el progreso de Michoac\u00e1n: Silvano Aureoles"},"content":{"rendered":"<p>La educaci\u00f3n debe de convertirse en una palanca para igualar oportunidades y asegurar el desarrollo integral de todas y de todos los michoacanos; asegur\u00f3 el Gobernador de Michoac\u00e1n, Silvano Aureoles Conejo, durante la firma del anexo al convenio con el Instituto Nacional para la Educaci\u00f3n de los Adultos (INEA), para abatir el rezago educativo en la entidad.<\/p>\n","protected":false},"excerpt":{"rendered":"<p>La educaci\u00f3n debe de convertirse en una palanca para igualar oportunidades y asegurar el desarrollo integral de todas y de todos los michoacanos; asegur\u00f3 el Gobernador de Michoac\u00e1n, Silvano Aureoles Conejo, durante la firma del anexo al convenio con el INEA, para abatir el rezago educativo en la entidad. <\/p>\n","protected":false},"author":1,"featured_media":0,"comment_status":"open","ping_status":"open","sticky":false,"template":"","format":"standard","meta":{"footnotes":""},"categories":[3],"tags":[],"class_list":["post-19326","post","type-post","status-publish","format-standard","hentry","category-gobierno-del-estado-de-michoacan"],"_links":{"self":[{"href":"https:\/\/radiowebmx.com\/nota\/wp-json\/wp\/v2\/posts\/19326","targetHints":{"allow":["GET"]}}],"collection":[{"href":"https:\/\/radiowebmx.com\/nota\/wp-json\/wp\/v2\/posts"}],"about":[{"href":"https:\/\/radiowebmx.com\/nota\/wp-json\/wp\/v2\/types\/post"}],"author":[{"embeddable":true,"href":"https:\/\/radiowebmx.com\/nota\/wp-json\/wp\/v2\/users\/1"}],"replies":[{"embeddable":true,"href":"https:\/\/radiowebmx.com\/nota\/wp-json\/wp\/v2\/comments?post=19326"}],"version-history":[{"count":1,"href":"https:\/\/radiowebmx.com\/nota\/wp-json\/wp\/v2\/posts\/19326\/revisions"}],"predecessor-version":[{"id":19327,"href":"https:\/\/radiowebmx.com\/nota\/wp-json\/wp\/v2\/posts\/19326\/revisions\/19327"}],"wp:attachment":[{"href":"https:\/\/radiowebmx.com\/nota\/wp-json\/wp\/v2\/media?parent=19326"}],"wp:term":[{"taxonomy":"category","embeddable":true,"href":"https:\/\/radiowebmx.com\/nota\/wp-json\/wp\/v2\/categories?post=19326"},{"taxonomy":"post_tag","embeddable":true,"href":"https:\/\/radiowebmx.com\/nota\/wp-json\/wp\/v2\/tags?post=19326"}],"curies":[{"name":"wp","href":"https:\/\/api.w.org\/{rel}","templated":true}]}}