{"id":19323,"date":"2015-11-05T13:14:43","date_gmt":"2015-11-05T19:14:43","guid":{"rendered":"https:\/\/radiowebmx.com\/nota\/?p=19323"},"modified":"2015-11-05T13:14:43","modified_gmt":"2015-11-05T19:14:43","slug":"coordinacion-entre-3-ordenes-de-gobierno-fundamental-para-brindar-resultados-a-la-poblacion-alcalde-alfonso-martinez","status":"publish","type":"post","link":"https:\/\/radiowebmx.com\/nota\/coordinacion-entre-3-ordenes-de-gobierno-fundamental-para-brindar-resultados-a-la-poblacion-alcalde-alfonso-martinez\/","title":{"rendered":"Coordinaci\u00f3n entre 3 \u00f3rdenes de gobierno, fundamental para brindar resultados a la poblaci\u00f3n: Alcalde Alfonso Mart\u00ednez"},"content":{"rendered":"<p>Con el trabajo en conjunto y de forma coordinada de los diversos poderes de Gobierno, es como podremos unir esfuerzos para consolidar nuestros planes de gobierno y brindar mejores resultados a las necesidades de la poblaci\u00f3n, subray\u00f3 el Presidente Municipal de Morelia, Alfonso Mart\u00ednez Alc\u00e1zar, al asistir este mi\u00e9rcoles a la Firma de Anexo T\u00e9cnico del Convenio de Colaboraci\u00f3n entre el Instituto Nacional para la Educaci\u00f3n de los Adultos y el Gobierno del Estado.<\/p>\n<p>Ante el Gobernador de Michoac\u00e1n, Silvano Aureoles Conejo, el director general del INEA, Alfredo Llorente Mart\u00ednez, el presidente del Congreso del Estado, Raymundo Arreola Ortega, as\u00ed como del Secretario de Finanzas y Administraci\u00f3n, Carlos Maldonado Mendoza, el secretario de Gobierno, Adri\u00e1n L\u00f3pez Sol\u00eds, y el rector de la Universidad Michoacana de San Nicol\u00e1s de Hidalgo (UMSNH), Medardo Serna Gonz\u00e1lez; el Alcalde moreliano celebr\u00f3 que la capital del estado sea sede de la firma de dicho convenio, que permitir\u00e1 resarcir el analfabetismo y con ello mejorar la calidad educativa de las familias.<\/p>\n<p>Durante su participaci\u00f3n, Mart\u00ednez Alc\u00e1zar reconoci\u00f3 que ser\u00e1 el compromiso y consenso, en un marco de pluralidad, el punto de partida para impulsar el desarrollo social de todas y todos los ciudadanos, \u201chay muchos temas por atender en las comunidades, en las colonias; por ello es de gran trascendencia el hecho de que hoy podamos atestiguar para beneficio de la poblaci\u00f3n, estos importantes acontecimientos, de los que sin duda, el Ayuntamiento Municipal estar\u00e1 coadyuvando y trabajando en coordinaci\u00f3n, a fin de que sean m\u00e1s los ciudadanos los que logren una preparaci\u00f3n y superaci\u00f3n educativa\u201d.<\/p>\n<p>En su oportunidad, el mandatario estatal, Silvano Aureoles hizo \u00e9nfasis en que la educaci\u00f3n es uno de los principales instrumentos para cambiar las cosas. Admiti\u00f3 que es un derecho humano y como estado est\u00e1n obligados a garantizar la educaci\u00f3n, se\u00f1alando que\u00a0resulta inadmisible que en pleno siglo XXI Michoac\u00e1n se encuentre entre los primeros lugares en analfabetismo.<\/p>\n<p>En este tenor, el director general del INEA, Alfredo Llorente, puntualiz\u00f3 mediante esta firma de Anexo T\u00e9cnico del Convenio de Colaboraci\u00f3n, busca resarcir este rezago en el estado, y por ende, en la capital michoacana.<\/p>\n<p>Inform\u00f3 que a trav\u00e9s de este convenio el gobierno estatal aportar\u00e1 5 millones de pesos para continuar con la Campa\u00f1a de Alfabetizaci\u00f3n en la entidad y que de manera conjunta se buscar\u00e1 planear, operar y evaluar los servicios educativos para j\u00f3venes y adultos mayores de 15 a\u00f1os que no han concluido su educaci\u00f3n b\u00e1sica.<\/p>\n<p>De acuerdo a los\u00a0datos\u00a0arrojados durante la 2da Jornada Nacional de Incorporaci\u00f3n y Acreditaci\u00f3n 2015 por el\u00a0INEA en Michoac\u00e1n, arrojan que Morelia es la ciudad mejor\u00a0posicionada a nivel nacional en lo que se refiere a la coordinaci\u00f3n interinstitucional<\/p>\n","protected":false},"excerpt":{"rendered":"<p>Con el trabajo en conjunto y de forma coordinada de los diversos poderes de Gobierno, es como podremos unir esfuerzos para consolidar nuestros planes de gobierno y brindar mejores resultados a las necesidades de la poblaci\u00f3n, subray\u00f3 el Presidente Municipal de Morelia, Alfonso Mart\u00ednez Alc\u00e1zar,<\/p>\n","protected":false},"author":1,"featured_media":19324,"comment_status":"open","ping_status":"open","sticky":false,"template":"","format":"standard","meta":{"footnotes":""},"categories":[14,9],"tags":[],"class_list":["post-19323","post","type-post","status-publish","format-standard","has-post-thumbnail","hentry","category-destacadas","category-morelia"],"_links":{"self":[{"href":"https:\/\/radiowebmx.com\/nota\/wp-json\/wp\/v2\/posts\/19323","targetHints":{"allow":["GET"]}}],"collection":[{"href":"https:\/\/radiowebmx.com\/nota\/wp-json\/wp\/v2\/posts"}],"about":[{"href":"https:\/\/radiowebmx.com\/nota\/wp-json\/wp\/v2\/types\/post"}],"author":[{"embeddable":true,"href":"https:\/\/radiowebmx.com\/nota\/wp-json\/wp\/v2\/users\/1"}],"replies":[{"embeddable":true,"href":"https:\/\/radiowebmx.com\/nota\/wp-json\/wp\/v2\/comments?post=19323"}],"version-history":[{"count":1,"href":"https:\/\/radiowebmx.com\/nota\/wp-json\/wp\/v2\/posts\/19323\/revisions"}],"predecessor-version":[{"id":19325,"href":"https:\/\/radiowebmx.com\/nota\/wp-json\/wp\/v2\/posts\/19323\/revisions\/19325"}],"wp:featuredmedia":[{"embeddable":true,"href":"https:\/\/radiowebmx.com\/nota\/wp-json\/wp\/v2\/media\/19324"}],"wp:attachment":[{"href":"https:\/\/radiowebmx.com\/nota\/wp-json\/wp\/v2\/media?parent=19323"}],"wp:term":[{"taxonomy":"category","embeddable":true,"href":"https:\/\/radiowebmx.com\/nota\/wp-json\/wp\/v2\/categories?post=19323"},{"taxonomy":"post_tag","embeddable":true,"href":"https:\/\/radiowebmx.com\/nota\/wp-json\/wp\/v2\/tags?post=19323"}],"curies":[{"name":"wp","href":"https:\/\/api.w.org\/{rel}","templated":true}]}}