{"id":19320,"date":"2015-11-05T13:10:41","date_gmt":"2015-11-05T19:10:41","guid":{"rendered":"https:\/\/radiowebmx.com\/nota\/?p=19320"},"modified":"2015-11-05T13:10:41","modified_gmt":"2015-11-05T19:10:41","slug":"alumnos-del-conalep-michoacan-en-preseleccion-de-olimpiada-estatal-de-informatica","status":"publish","type":"post","link":"https:\/\/radiowebmx.com\/nota\/alumnos-del-conalep-michoacan-en-preseleccion-de-olimpiada-estatal-de-informatica\/","title":{"rendered":"Alumnos del Conalep Michoac\u00e1n, en preselecci\u00f3n de Olimpiada Estatal de Inform\u00e1tica"},"content":{"rendered":"<p>Tras haber obtenido una medalla de plata y dos de bronce en el examen estatal de la XIV Olimpiada de Inform\u00e1tica, tres alumnos del plantel L\u00e1zaro C\u00e1rdenas del Colegio de Educaci\u00f3n Profesional T\u00e9cnica del Estado de Michoac\u00e1n (Conalep), forman parte de la preselecci\u00f3n michoacana.<\/p>\n<p>Minerva Bautista G\u00f3mez, directora general del Conalep Michoac\u00e1n, explic\u00f3 que este logro es un ejemplo de las acciones que desarrolla el subsistema para mejorar la calidad educativa de los j\u00f3venes y para vincularlos con la ciencia y la tecnolog\u00eda.<\/p>\n<p>Bautista G\u00f3mez coment\u00f3 que Mart\u00edn Uriel Gallegos Vargas, Brian Adri\u00e1n Maga\u00f1a B\u00e1rcenas y Daisy Vanessa de la Cruz D\u00edaz, son tres de los diez preseleccionados que reciben preparaci\u00f3n intensiva, para elegir a los cuatro representantes de la delegaci\u00f3n michoacana que participar\u00e1 en la Olimpiada Mexicana de Inform\u00e1tica 2015.<\/p>\n<p>La directora general del subsistema indic\u00f3 que los docentes de la academia de Inform\u00e1tica del plantel L\u00e1zaro C\u00e1rdenas, trabajan para aumentar el inter\u00e9s de los estudiantes en el desarrollo tecnol\u00f3gico y la resoluci\u00f3n de problemas.<\/p>\n<p>En ese sentido, destac\u00f3 la importancia de la profesionalizaci\u00f3n de las y los profesores, ya que les permite contar con mejores herramientas para desempe\u00f1ar su trabajo y con ello evitar la reprobaci\u00f3n, incrementar la eficiencia terminal y mejorar la calidad educativa, que es una de las encomiendas del Gobernador de Michoac\u00e1n, Silvano Aureoles Conejo.<\/p>\n","protected":false},"excerpt":{"rendered":"<p>Tras haber obtenido una medalla de plata y dos de bronce en el examen estatal de la XIV Olimpiada de Inform\u00e1tica, tres alumnos del plantel L\u00e1zaro C\u00e1rdenas del Colegio de Educaci\u00f3n Profesional T\u00e9cnica del Estado de Michoac\u00e1n (Conalep), forman parte de la preselecci\u00f3n michoacana.<\/p>\n","protected":false},"author":1,"featured_media":19321,"comment_status":"open","ping_status":"open","sticky":false,"template":"","format":"standard","meta":{"footnotes":""},"categories":[14,3],"tags":[],"class_list":["post-19320","post","type-post","status-publish","format-standard","has-post-thumbnail","hentry","category-destacadas","category-gobierno-del-estado-de-michoacan"],"_links":{"self":[{"href":"https:\/\/radiowebmx.com\/nota\/wp-json\/wp\/v2\/posts\/19320","targetHints":{"allow":["GET"]}}],"collection":[{"href":"https:\/\/radiowebmx.com\/nota\/wp-json\/wp\/v2\/posts"}],"about":[{"href":"https:\/\/radiowebmx.com\/nota\/wp-json\/wp\/v2\/types\/post"}],"author":[{"embeddable":true,"href":"https:\/\/radiowebmx.com\/nota\/wp-json\/wp\/v2\/users\/1"}],"replies":[{"embeddable":true,"href":"https:\/\/radiowebmx.com\/nota\/wp-json\/wp\/v2\/comments?post=19320"}],"version-history":[{"count":1,"href":"https:\/\/radiowebmx.com\/nota\/wp-json\/wp\/v2\/posts\/19320\/revisions"}],"predecessor-version":[{"id":19322,"href":"https:\/\/radiowebmx.com\/nota\/wp-json\/wp\/v2\/posts\/19320\/revisions\/19322"}],"wp:featuredmedia":[{"embeddable":true,"href":"https:\/\/radiowebmx.com\/nota\/wp-json\/wp\/v2\/media\/19321"}],"wp:attachment":[{"href":"https:\/\/radiowebmx.com\/nota\/wp-json\/wp\/v2\/media?parent=19320"}],"wp:term":[{"taxonomy":"category","embeddable":true,"href":"https:\/\/radiowebmx.com\/nota\/wp-json\/wp\/v2\/categories?post=19320"},{"taxonomy":"post_tag","embeddable":true,"href":"https:\/\/radiowebmx.com\/nota\/wp-json\/wp\/v2\/tags?post=19320"}],"curies":[{"name":"wp","href":"https:\/\/api.w.org\/{rel}","templated":true}]}}