{"id":19267,"date":"2015-11-04T09:19:49","date_gmt":"2015-11-04T15:19:49","guid":{"rendered":"https:\/\/radiowebmx.com\/nota\/?p=19267"},"modified":"2015-11-04T09:19:49","modified_gmt":"2015-11-04T15:19:49","slug":"continua-integracion-de-nuevos-perfiles-al-gobierno-municipal-a-traves-de-convocatoria-ciudadana","status":"publish","type":"post","link":"https:\/\/radiowebmx.com\/nota\/continua-integracion-de-nuevos-perfiles-al-gobierno-municipal-a-traves-de-convocatoria-ciudadana\/","title":{"rendered":"Contin\u00faa integraci\u00f3n de nuevos perfiles al Gobierno Municipal a trav\u00e9s de convocatoria ciudadana"},"content":{"rendered":"<p>Con el prop\u00f3sito de\u00a0 fortalecer el trabajo de la Secretar\u00eda de Servicios P\u00fablicos, este martes se realiz\u00f3 el relevo institucional de la titularidad de la Delegaci\u00f3n Administrativa de la Secretar\u00eda de Servicios P\u00fablicos del Ayuntamiento y cuyo perfil fue electo a trav\u00e9s de la convocatoria ciudadana.<\/p>\n<p>El relevo institucional tuvo lugar en el despacho de dicha Secretar\u00eda, donde el secretario de Administraci\u00f3n del Ayuntamiento, Yankel Ben\u00edtez Silva, present\u00f3 a Alejandra Carranza Bucio, quien se desempe\u00f1aba anteriormente en el Centro Estatal de Atenci\u00f3n Oncol\u00f3gica.<\/p>\n<p>Ben\u00edtez Silva, inform\u00f3 que fue a trav\u00e9s de la convocatoria que lanz\u00f3 el Presidente Municipal, Alfonso Mart\u00ednez Alc\u00e1zar que se determin\u00f3 que era la persona que cubr\u00eda el perfil, por lo que despu\u00e9s de pasar entrevistas y ex\u00e1menes, se decidi\u00f3 invitarla a participar ya que cubre toda la preparaci\u00f3n para el cargo.<\/p>\n<p>Por su parte, el secretario de Servicios P\u00fablicos Municipales, Jos\u00e9 Luis Gil V\u00e1zquez le dio la bienvenida\u00a0 a la Administraci\u00f3n y se comprometi\u00f3 a darle todo el apoyo, asimismo le pidi\u00f3 seguir trabajando a favor del municipio para cumplir con las expectativas de los morelianos.<\/p>\n<p>Finalmente, Carranza Bucio, agradeci\u00f3\u00a0 la oportunidad que se le est\u00e1 brindando y se comprometi\u00f3 con los proyectos del Presidente Municipal para dar los mejores resultados.<\/p>\n","protected":false},"excerpt":{"rendered":"<p>Con el prop\u00f3sito de  fortalecer el trabajo de la Secretar\u00eda de Servicios P\u00fablicos, este martes se realiz\u00f3 el relevo institucional de la titularidad de la Delegaci\u00f3n Administrativa de la Secretar\u00eda de Servicios P\u00fablicos del Ayuntamiento y cuyo perfil fue electo a trav\u00e9s de la convocatoria ciudadana.<\/p>\n","protected":false},"author":1,"featured_media":19268,"comment_status":"open","ping_status":"open","sticky":false,"template":"","format":"standard","meta":{"footnotes":""},"categories":[14,9],"tags":[],"class_list":["post-19267","post","type-post","status-publish","format-standard","has-post-thumbnail","hentry","category-destacadas","category-morelia"],"_links":{"self":[{"href":"https:\/\/radiowebmx.com\/nota\/wp-json\/wp\/v2\/posts\/19267","targetHints":{"allow":["GET"]}}],"collection":[{"href":"https:\/\/radiowebmx.com\/nota\/wp-json\/wp\/v2\/posts"}],"about":[{"href":"https:\/\/radiowebmx.com\/nota\/wp-json\/wp\/v2\/types\/post"}],"author":[{"embeddable":true,"href":"https:\/\/radiowebmx.com\/nota\/wp-json\/wp\/v2\/users\/1"}],"replies":[{"embeddable":true,"href":"https:\/\/radiowebmx.com\/nota\/wp-json\/wp\/v2\/comments?post=19267"}],"version-history":[{"count":1,"href":"https:\/\/radiowebmx.com\/nota\/wp-json\/wp\/v2\/posts\/19267\/revisions"}],"predecessor-version":[{"id":19269,"href":"https:\/\/radiowebmx.com\/nota\/wp-json\/wp\/v2\/posts\/19267\/revisions\/19269"}],"wp:featuredmedia":[{"embeddable":true,"href":"https:\/\/radiowebmx.com\/nota\/wp-json\/wp\/v2\/media\/19268"}],"wp:attachment":[{"href":"https:\/\/radiowebmx.com\/nota\/wp-json\/wp\/v2\/media?parent=19267"}],"wp:term":[{"taxonomy":"category","embeddable":true,"href":"https:\/\/radiowebmx.com\/nota\/wp-json\/wp\/v2\/categories?post=19267"},{"taxonomy":"post_tag","embeddable":true,"href":"https:\/\/radiowebmx.com\/nota\/wp-json\/wp\/v2\/tags?post=19267"}],"curies":[{"name":"wp","href":"https:\/\/api.w.org\/{rel}","templated":true}]}}