{"id":19258,"date":"2015-11-04T09:00:59","date_gmt":"2015-11-04T15:00:59","guid":{"rendered":"https:\/\/radiowebmx.com\/nota\/?p=19258"},"modified":"2015-11-04T09:00:59","modified_gmt":"2015-11-04T15:00:59","slug":"se-reune-gobernador-silvano-aureoles-con-comite-ciudadano-de-seguimiento-al-plan-michoacan","status":"publish","type":"post","link":"https:\/\/radiowebmx.com\/nota\/se-reune-gobernador-silvano-aureoles-con-comite-ciudadano-de-seguimiento-al-plan-michoacan\/","title":{"rendered":"Se re\u00fane Gobernador Silvano Aureoles con Comit\u00e9 Ciudadano de Seguimiento al Plan Michoac\u00e1n"},"content":{"rendered":"<p>El Gobernador del Estado, Silvano Aureoles Conejo, sostuvo su primera reuni\u00f3n con los integrantes del Comit\u00e9 Ciudadano de Seguimiento al Plan Michoac\u00e1n, donde se analiz\u00f3, principalmente, la propuesta del Presidente Enrique Pe\u00f1a Nieto, de integrar al Puerto de L\u00e1zaro C\u00e1rdenas, a una Zona Econ\u00f3mica Especial para favorecerla con mayores recursos federales.<\/p>\n<p>En lo que fue la d\u00e9cimo quinta sesi\u00f3n ordinaria de este organismo, el mandatario estatal reconoci\u00f3 que los resultados del Plan Michoac\u00e1n son evidentes, principalmente en los municipios de la Tierra Caliente, en donde ya se ha recuperado el control institucional y se vive un ambiente m\u00e1s tranquilo.<\/p>\n<p>No obstante resalt\u00f3 que a\u00fan falta mucho por hacer, por lo que, al se\u00f1alar que en el nuevo comienzo para Michoac\u00e1n, su Gobierno dar\u00e1 un mayor impulso a la participaci\u00f3n e inclusi\u00f3n ciudadana, conmin\u00f3 a los integrantes de este Comit\u00e9 a continuar juntos esta din\u00e1mica y coordinaci\u00f3n, para lograr la transformaci\u00f3n de nuestro estado.<\/p>\n<p>En esta reuni\u00f3n que estuvo encabezada por la secretaria t\u00e9cnica del Comit\u00e9 y titular de la Unidad de Coordinaci\u00f3n con Entidades Federativas de la Secretar\u00eda de Hacienda y Cr\u00e9dito P\u00fablico, Marcela Andrade Mart\u00ednez, as\u00ed como del director general de Banobras, Abraham Zamora Torres, se analiz\u00f3 la propuesta del Presidente de la Rep\u00fablica, Enrique Pe\u00f1a Nieto, para establecer tres Zonas Econ\u00f3micas Especiales en el pa\u00eds, entre las que se encuentra la regi\u00f3n porte\u00f1a de L\u00e1zaro C\u00e1rdenas, Michoac\u00e1n y que incluye el \u00e1rea lim\u00edtrofe con el estado de Guerrero.<\/p>\n<p>Esta propuesta, permitir\u00e1 aterrizar en el estado beneficios fiscales directos a la inversi\u00f3n y al empleo; construcci\u00f3n de infraestructura para garantizar el abasto energ\u00e9tico y la conectividad de la regi\u00f3n; as\u00ed como inversiones especiales en educaci\u00f3n y capacitaci\u00f3n, entre otras.<\/p>\n<p>Al respecto, Silvano Aureoles asegur\u00f3 que su gesti\u00f3n pondr\u00e1 todo lo que le corresponde para materializar dicha propuesta, pues sabe de los beneficios que la denominaci\u00f3n traer\u00e1 al puerto de L\u00e1zaro C\u00e1rdenas, detonando al m\u00e1ximo su potencial y generando desarrollo.<\/p>\n<p>Recalc\u00f3 que la educaci\u00f3n y capacitaci\u00f3n, son ejes fundamentales de su administraci\u00f3n, por lo que enfatiz\u00f3 a los integrantes del Comit\u00e9 de la importancia de la evaluaci\u00f3n del desempe\u00f1o docente, para actualizar y fortalecer el sistema educativo de Michoac\u00e1n.<\/p>\n","protected":false},"excerpt":{"rendered":"<p>El Gobernador del Estado, Silvano Aureoles Conejo, sostuvo su primera reuni\u00f3n con los integrantes del Comit\u00e9 Ciudadano de Seguimiento al Plan Michoac\u00e1n, donde se analiz\u00f3, principalmente, la propuesta del Presidente Enrique Pe\u00f1a Nieto, de integrar al Puerto de L\u00e1zaro C\u00e1rdenas, <\/p>\n","protected":false},"author":1,"featured_media":19260,"comment_status":"open","ping_status":"open","sticky":false,"template":"","format":"standard","meta":{"footnotes":""},"categories":[14,3],"tags":[],"class_list":["post-19258","post","type-post","status-publish","format-standard","has-post-thumbnail","hentry","category-destacadas","category-gobierno-del-estado-de-michoacan"],"_links":{"self":[{"href":"https:\/\/radiowebmx.com\/nota\/wp-json\/wp\/v2\/posts\/19258","targetHints":{"allow":["GET"]}}],"collection":[{"href":"https:\/\/radiowebmx.com\/nota\/wp-json\/wp\/v2\/posts"}],"about":[{"href":"https:\/\/radiowebmx.com\/nota\/wp-json\/wp\/v2\/types\/post"}],"author":[{"embeddable":true,"href":"https:\/\/radiowebmx.com\/nota\/wp-json\/wp\/v2\/users\/1"}],"replies":[{"embeddable":true,"href":"https:\/\/radiowebmx.com\/nota\/wp-json\/wp\/v2\/comments?post=19258"}],"version-history":[{"count":2,"href":"https:\/\/radiowebmx.com\/nota\/wp-json\/wp\/v2\/posts\/19258\/revisions"}],"predecessor-version":[{"id":19262,"href":"https:\/\/radiowebmx.com\/nota\/wp-json\/wp\/v2\/posts\/19258\/revisions\/19262"}],"wp:featuredmedia":[{"embeddable":true,"href":"https:\/\/radiowebmx.com\/nota\/wp-json\/wp\/v2\/media\/19260"}],"wp:attachment":[{"href":"https:\/\/radiowebmx.com\/nota\/wp-json\/wp\/v2\/media?parent=19258"}],"wp:term":[{"taxonomy":"category","embeddable":true,"href":"https:\/\/radiowebmx.com\/nota\/wp-json\/wp\/v2\/categories?post=19258"},{"taxonomy":"post_tag","embeddable":true,"href":"https:\/\/radiowebmx.com\/nota\/wp-json\/wp\/v2\/tags?post=19258"}],"curies":[{"name":"wp","href":"https:\/\/api.w.org\/{rel}","templated":true}]}}