{"id":19248,"date":"2015-11-03T11:28:37","date_gmt":"2015-11-03T17:28:37","guid":{"rendered":"https:\/\/radiowebmx.com\/nota\/?p=19248"},"modified":"2015-11-03T11:28:37","modified_gmt":"2015-11-03T17:28:37","slug":"intensifican-tareas-de-limpieza-en-panteones-municipales-tras-festejos-por-noche-de-muertos","status":"publish","type":"post","link":"https:\/\/radiowebmx.com\/nota\/intensifican-tareas-de-limpieza-en-panteones-municipales-tras-festejos-por-noche-de-muertos\/","title":{"rendered":"Intensifican tareas de limpieza en panteones municipales tras festejos por Noche de Muertos"},"content":{"rendered":"<p>Al t\u00e9rmino de los festejos por la Noche de Muertos, la Secretar\u00eda de Servicios P\u00fablicos Municipales, adelant\u00f3 que la limpieza de las inmediaciones del Pante\u00f3n Municipal, tanto al interior y\u00a0 como al exterior, ser\u00e1 alrededor de las 23 horas con la participaci\u00f3n de 150 personas, adem\u00e1s del uso de una retroexcavadora, 4 barredoras, un minicargador y una pipa de agua.<\/p>\n<p>Para estas tareas, se dispuso de una brigada de\u00a0 60 personas de la Direcci\u00f3n de Aseo P\u00fablico para mantener el campo santo en condiciones dignas, limpias y apropiadas para las fechas en los dos d\u00edas fuertes.<\/p>\n<p>La secretar\u00eda de Servicios P\u00fablicos estim\u00f3 el retiro de unas 200 toneladas de basura tanto dentro como fuera del pante\u00f3n, para lo cual sus acciones operativas est\u00e1n coordinadas con el personal de panteones y la Direcci\u00f3n de Seguridad P\u00fablica para asegurar que no exista persona alguna al cierre del campo santo.<\/p>\n<p>Cabe recordar que para estos festejos se registr\u00f3 una afluencia de 100 mil\u00a0 personas, superando as\u00ed las expectativas de personas que habitualmente se dan cita a\u00a0 visitar a sus fieles difuntos.<\/p>\n<p>Para este 1 y 2 de Noviembre se ampliaron los horarios del pante\u00f3n municipal con dos horas diarias, debido a que habitualmente se abre de las 7 a las 18 horas, y para esta Noche de Muertos el cierre del campo santo se recorri\u00f3 a las 20 horas.<\/p>\n","protected":false},"excerpt":{"rendered":"<p>Al t\u00e9rmino de los festejos por la Noche de Muertos, la Secretar\u00eda de Servicios P\u00fablicos Municipales, adelant\u00f3 que la limpieza de las inmediaciones del Pante\u00f3n Municipal, tanto al interior y  como al exterior, ser\u00e1 alrededor de las 23 horas con la participaci\u00f3n de 150 personas, <\/p>\n","protected":false},"author":1,"featured_media":19249,"comment_status":"open","ping_status":"open","sticky":false,"template":"","format":"standard","meta":{"footnotes":""},"categories":[14,9],"tags":[],"class_list":["post-19248","post","type-post","status-publish","format-standard","has-post-thumbnail","hentry","category-destacadas","category-morelia"],"_links":{"self":[{"href":"https:\/\/radiowebmx.com\/nota\/wp-json\/wp\/v2\/posts\/19248","targetHints":{"allow":["GET"]}}],"collection":[{"href":"https:\/\/radiowebmx.com\/nota\/wp-json\/wp\/v2\/posts"}],"about":[{"href":"https:\/\/radiowebmx.com\/nota\/wp-json\/wp\/v2\/types\/post"}],"author":[{"embeddable":true,"href":"https:\/\/radiowebmx.com\/nota\/wp-json\/wp\/v2\/users\/1"}],"replies":[{"embeddable":true,"href":"https:\/\/radiowebmx.com\/nota\/wp-json\/wp\/v2\/comments?post=19248"}],"version-history":[{"count":1,"href":"https:\/\/radiowebmx.com\/nota\/wp-json\/wp\/v2\/posts\/19248\/revisions"}],"predecessor-version":[{"id":19250,"href":"https:\/\/radiowebmx.com\/nota\/wp-json\/wp\/v2\/posts\/19248\/revisions\/19250"}],"wp:featuredmedia":[{"embeddable":true,"href":"https:\/\/radiowebmx.com\/nota\/wp-json\/wp\/v2\/media\/19249"}],"wp:attachment":[{"href":"https:\/\/radiowebmx.com\/nota\/wp-json\/wp\/v2\/media?parent=19248"}],"wp:term":[{"taxonomy":"category","embeddable":true,"href":"https:\/\/radiowebmx.com\/nota\/wp-json\/wp\/v2\/categories?post=19248"},{"taxonomy":"post_tag","embeddable":true,"href":"https:\/\/radiowebmx.com\/nota\/wp-json\/wp\/v2\/tags?post=19248"}],"curies":[{"name":"wp","href":"https:\/\/api.w.org\/{rel}","templated":true}]}}