{"id":19245,"date":"2015-11-03T11:27:03","date_gmt":"2015-11-03T17:27:03","guid":{"rendered":"https:\/\/radiowebmx.com\/nota\/?p=19245"},"modified":"2015-11-03T11:27:03","modified_gmt":"2015-11-03T17:27:03","slug":"registran-tenencias-de-morelia-jornada-tranquila-durante-noche-de-muertos","status":"publish","type":"post","link":"https:\/\/radiowebmx.com\/nota\/registran-tenencias-de-morelia-jornada-tranquila-durante-noche-de-muertos\/","title":{"rendered":"Registran Tenencias de Morelia jornada tranquila durante Noche de Muertos"},"content":{"rendered":"<p>Una jornada tranquila se registr\u00f3 durante\u00a0 las actividades por la Noche de Muertos en Morelia, no s\u00f3lo en su \u00e1rea urbana sino en las 12 tenencias correspondientes a la zona rural, inform\u00f3 el coordinador de Protecci\u00f3n Civil y Bomberos de\u00a0 la ciudad, Eduardo Ram\u00edrez Canals.<\/p>\n<p>Explic\u00f3 que conforme se acerca el cierre de los panteones la afluencia de gente se reduce hasta en un veinte por ciento y calific\u00f3 las visitas al campo santo como una conmemoraci\u00f3n tranquila y respetuosa.<\/p>\n<p>Ram\u00edrez Canals dio a conocer que las emergencias que se tuvieron fueron menores y ninguna requiri\u00f3 traslado a las unidades m\u00e9dicas de la ciudad o comunidades sino que fueron atendidas en el lugar, dichas incidencias se refirieron a personas con heridas leves, insolaciones o\u00a0 piquetes de abejas.<\/p>\n<p>El funcionario municipal agradeci\u00f3 las muestras de civilidad y respeto, sobre todo en el \u00e1rea rural y record\u00f3 que la presencia del personal a su cargo ser\u00e1 hasta las 22:30 horas, debido a que\u00a0 el cierre de los panteones para este 2 de Noviembre es a las 20 horas.<\/p>\n<p>El Coordinador Protecci\u00f3n Civil y Bomberos de Morelia dej\u00f3 en claro que\u00a0 ninguna de las emergencias habituales de la capital michoacana se dej\u00f3 de atender por el operativo de la Noche de Muertos, al contrario refrend\u00f3 su compromiso de salvaguardar la integridad de los morelianos y los visitantes de la ciudad.<\/p>\n","protected":false},"excerpt":{"rendered":"<p>Una jornada tranquila se registr\u00f3 durante  las actividades por la Noche de Muertos en Morelia, no s\u00f3lo en su \u00e1rea urbana sino en las 12 tenencias correspondientes a la zona rural, inform\u00f3 el coordinador de Protecci\u00f3n Civil y Bomberos de  la ciudad, Eduardo Ram\u00edrez Canals.<\/p>\n","protected":false},"author":1,"featured_media":19246,"comment_status":"open","ping_status":"open","sticky":false,"template":"","format":"standard","meta":{"footnotes":""},"categories":[14,9],"tags":[],"class_list":["post-19245","post","type-post","status-publish","format-standard","has-post-thumbnail","hentry","category-destacadas","category-morelia"],"_links":{"self":[{"href":"https:\/\/radiowebmx.com\/nota\/wp-json\/wp\/v2\/posts\/19245","targetHints":{"allow":["GET"]}}],"collection":[{"href":"https:\/\/radiowebmx.com\/nota\/wp-json\/wp\/v2\/posts"}],"about":[{"href":"https:\/\/radiowebmx.com\/nota\/wp-json\/wp\/v2\/types\/post"}],"author":[{"embeddable":true,"href":"https:\/\/radiowebmx.com\/nota\/wp-json\/wp\/v2\/users\/1"}],"replies":[{"embeddable":true,"href":"https:\/\/radiowebmx.com\/nota\/wp-json\/wp\/v2\/comments?post=19245"}],"version-history":[{"count":1,"href":"https:\/\/radiowebmx.com\/nota\/wp-json\/wp\/v2\/posts\/19245\/revisions"}],"predecessor-version":[{"id":19247,"href":"https:\/\/radiowebmx.com\/nota\/wp-json\/wp\/v2\/posts\/19245\/revisions\/19247"}],"wp:featuredmedia":[{"embeddable":true,"href":"https:\/\/radiowebmx.com\/nota\/wp-json\/wp\/v2\/media\/19246"}],"wp:attachment":[{"href":"https:\/\/radiowebmx.com\/nota\/wp-json\/wp\/v2\/media?parent=19245"}],"wp:term":[{"taxonomy":"category","embeddable":true,"href":"https:\/\/radiowebmx.com\/nota\/wp-json\/wp\/v2\/categories?post=19245"},{"taxonomy":"post_tag","embeddable":true,"href":"https:\/\/radiowebmx.com\/nota\/wp-json\/wp\/v2\/tags?post=19245"}],"curies":[{"name":"wp","href":"https:\/\/api.w.org\/{rel}","templated":true}]}}