{"id":19218,"date":"2015-10-30T12:52:07","date_gmt":"2015-10-30T18:52:07","guid":{"rendered":"https:\/\/radiowebmx.com\/nota\/?p=19218"},"modified":"2015-10-30T12:52:07","modified_gmt":"2015-10-30T18:52:07","slug":"emprende-ayuntamiento-de-morelia-campana-para-evitar-comercio-en-la-via-publica","status":"publish","type":"post","link":"https:\/\/radiowebmx.com\/nota\/emprende-ayuntamiento-de-morelia-campana-para-evitar-comercio-en-la-via-publica\/","title":{"rendered":"Emprende Ayuntamiento de Morelia campa\u00f1a para evitar comercio en la v\u00eda p\u00fablica"},"content":{"rendered":"<p>Mantener la belleza arquitect\u00f3nica de la capital de Michoac\u00e1n, es el resultado del trabajo coordinado entre Gobierno y sociedad, por ello, es fundamental la participaci\u00f3n ciudadana para conservar los espacios p\u00fablicos en las condiciones adecuadas a fin de que las familias morelianas y turistas, puedan disfrutarlos con libertad y seguridad.<\/p>\n<p>En este sentido, el Ayuntamiento de Morelia emprende una campa\u00f1a para invitar a los comerciantes que laboran en la v\u00eda p\u00fablica, a que se ajusten al Bando Municipal relativo al Centro Hist\u00f3rico, as\u00ed como a los reglamentos tendientes a conservar las plazas para el esparcimiento de la ciudadan\u00eda.<\/p>\n<p>El coordinador ejecutivo del Centro Hist\u00f3rico, Gaspar Hern\u00e1ndez Razo, detall\u00f3 que la campa\u00f1a busca informar a los vendedores ambulantes sobre el marco legal que existe en la materia y solicitarles que realicen sus actividades en base al reglamento.<\/p>\n<p>Record\u00f3 que el Primer Cuadro de la ciudad fue declarado en 1990 como una Zona de Monumentos Hist\u00f3ricos y, un a\u00f1o despu\u00e9s, se incorpor\u00f3 en la Lista del Patrimonio Mundial de la UNESCO como bien cultural, por sus caracter\u00edsticas arquitect\u00f3nicas, valor cultural y atractivo tur\u00edstico.<\/p>\n<p>El Bando, explic\u00f3, es un documento jur\u00eddico que entr\u00f3 en vigor en el 2001 para conservar la imagen arquitect\u00f3nica y cultural de estos monumentos, el cual establece la igualdad de todos frente a la ley, se eliminan privilegios y preferencias, imponiendo como obligaci\u00f3n, la de sujetar los actos a las normas jur\u00eddicas previamente establecidas.<\/p>\n<p>Asimismo, hace puntual referencia a la prohibici\u00f3n de la instalaci\u00f3n de puestos que invadan la v\u00eda p\u00fablica en zona no dispuesta para mercado o que obstruya en prejuicio de la sociedad el libre tr\u00e1nsito de peatones o de veh\u00edculos, tal como lo marca el art\u00edculo 11 del Reglamento para Comercio y Mercados en V\u00eda P\u00fablica del Municipio de Morelia.<\/p>\n<p>Hern\u00e1ndez Razo, se\u00f1al\u00f3 sin embargo, que como lo marca el mismo ordenamiento, las sanciones por incumplir la norma van de los 2 a los 5 salarios m\u00ednimos, as\u00ed como el retiro de los puestos o mercanc\u00eda, pero siempre apegados al respeto de los derechos humanos.<\/p>\n<p>En este sentido, si en un lapso de 24 horas el comerciante ambulante no paga la multa asignada, por consecuencia no tiene derecho a recuperarla, el procedimiento marca dos rutas: la primera se hace un folio de donaci\u00f3n a instituciones de beneficencia como casa hogar, casa cuna o asilos; y en segundo caso se destruye mediante oficio firmado por dos testigos.<\/p>\n<p>\u201cSi se detecta a comerciantes que venden en la v\u00eda p\u00fablica primero se les invita a que cumplan con el Reglamento, mostr\u00e1ndoles el mismo, y, si estos se resisten, es cuando se procede a decomisar sus productos. Mismos que estar\u00e1n a cargo de la autoridad hasta que los propietarios realicen el pago de la infracci\u00f3n correspondiente\u201d, puntualiz\u00f3.<\/p>\n<p>De tal suerte, enfatiz\u00f3 el funcionario municipal, es indispensable la participaci\u00f3n de la ciudadan\u00eda y la disposici\u00f3n de los oferentes para conservar y mejorar la imagen urbana y colonial del coraz\u00f3n de la ciudad.<\/p>\n","protected":false},"excerpt":{"rendered":"<p>Mantener la belleza arquitect\u00f3nica de la capital de Michoac\u00e1n, es el resultado del trabajo coordinado entre Gobierno y sociedad, por ello, es fundamental la participaci\u00f3n ciudadana para conservar los espacios p\u00fablicos en las condiciones adecuadas a fin de que las familias morelianas y turistas,<\/p>\n","protected":false},"author":1,"featured_media":19219,"comment_status":"open","ping_status":"open","sticky":false,"template":"","format":"standard","meta":{"footnotes":""},"categories":[14,9],"tags":[],"class_list":["post-19218","post","type-post","status-publish","format-standard","has-post-thumbnail","hentry","category-destacadas","category-morelia"],"_links":{"self":[{"href":"https:\/\/radiowebmx.com\/nota\/wp-json\/wp\/v2\/posts\/19218","targetHints":{"allow":["GET"]}}],"collection":[{"href":"https:\/\/radiowebmx.com\/nota\/wp-json\/wp\/v2\/posts"}],"about":[{"href":"https:\/\/radiowebmx.com\/nota\/wp-json\/wp\/v2\/types\/post"}],"author":[{"embeddable":true,"href":"https:\/\/radiowebmx.com\/nota\/wp-json\/wp\/v2\/users\/1"}],"replies":[{"embeddable":true,"href":"https:\/\/radiowebmx.com\/nota\/wp-json\/wp\/v2\/comments?post=19218"}],"version-history":[{"count":2,"href":"https:\/\/radiowebmx.com\/nota\/wp-json\/wp\/v2\/posts\/19218\/revisions"}],"predecessor-version":[{"id":19221,"href":"https:\/\/radiowebmx.com\/nota\/wp-json\/wp\/v2\/posts\/19218\/revisions\/19221"}],"wp:featuredmedia":[{"embeddable":true,"href":"https:\/\/radiowebmx.com\/nota\/wp-json\/wp\/v2\/media\/19219"}],"wp:attachment":[{"href":"https:\/\/radiowebmx.com\/nota\/wp-json\/wp\/v2\/media?parent=19218"}],"wp:term":[{"taxonomy":"category","embeddable":true,"href":"https:\/\/radiowebmx.com\/nota\/wp-json\/wp\/v2\/categories?post=19218"},{"taxonomy":"post_tag","embeddable":true,"href":"https:\/\/radiowebmx.com\/nota\/wp-json\/wp\/v2\/tags?post=19218"}],"curies":[{"name":"wp","href":"https:\/\/api.w.org\/{rel}","templated":true}]}}