{"id":19215,"date":"2015-10-30T12:47:25","date_gmt":"2015-10-30T18:47:25","guid":{"rendered":"https:\/\/radiowebmx.com\/nota\/?p=19215"},"modified":"2015-10-30T12:47:25","modified_gmt":"2015-10-30T18:47:25","slug":"democratizar-la-cultura-en-michoacan-para-lograr-el-desarrollo-silvano-aureoles","status":"publish","type":"post","link":"https:\/\/radiowebmx.com\/nota\/democratizar-la-cultura-en-michoacan-para-lograr-el-desarrollo-silvano-aureoles\/","title":{"rendered":"Democratizar la cultura en Michoac\u00e1n para lograr el desarrollo: Silvano Aureoles"},"content":{"rendered":"<p>La cultura que se ve, se oye y se disfruta en la capital del estado, debe sentirse en el resto de la entidad, consider\u00f3 el Gobernador de Michoac\u00e1n, Silvano Aureoles Conejo durante su intervenci\u00f3n en la entrega del Premio Estatal de las Artes Er\u00e9ndira 2015.<\/p>\n<p>En el Teatro Ocampo y tras reconocer el talento en las diferentes ramas art\u00edsticas de Mario Agust\u00edn Gaspar Rodr\u00edguez, artesano; Francisco Miranda God\u00ednez, escritor; y Jos\u00e9 Agapito Tiburcio Secundino Faustino, m\u00fasico;\u00a0el mandatario estatal solicit\u00f3 al secretario de Cultura, Salvador Ginori Lozano, democratizar la cultura, descentralizarla de tal manera que los mejores y m\u00e1s grandes eventos en el rubro, lleguen a todas las regiones de Michoac\u00e1n.<\/p>\n<p>\u201cEn el arte encontramos formas, letras, sonidos, im\u00e1genes que nos hacen sentir profundas emociones, eso es Michoac\u00e1n; somos arte y cultura, somos la m\u00fasica, la danza, arquitectura y as\u00ed nos proyectamos m\u00e1s all\u00e1 de nuestras fronteras, nuestro pa\u00eds, su historia, artesan\u00eda nos da la identidad\u201d, extern\u00f3 Aureoles Conejo.<\/p>\n<p>Por ello, el Gobernador apunt\u00f3 que su tarea es acelerar el trabajo de las instituciones para que se conjuguen y recuperar la seguridad, paz y desarrollo cultural, ya que su prop\u00f3sito es mostrar al mundo un mejor Michoac\u00e1n.<\/p>\n<p>A los galardonados, los reconoci\u00f3 como personas que han sabido acentuar las riquezas culturales del estado, y es precisamente la cultura, la mejor herramienta para desarrollarnos, enorgullecernos de nuestra identidad, orgullosos de los que somos y que ese orgullo nos permita mantener y preservar costumbres y tradiciones.<\/p>\n<p>Finalmente, tanto a los artistas reconocidos como a la comunidad en general, invit\u00f3 a trabajar de la mano con su Gobierno porque \u201cestoy convencido que todos queremos un mejor Michoac\u00e1n\u201d.<\/p>\n<p>Francisco Miranda God\u00ednez, de Yur\u00e9cuaro, Michoac\u00e1n, se ha entregado de lleno a investigar sobre diversos temas de la cultura michoacana y a difundirlos a trav\u00e9s de sus intervenciones como conferencista en un sinn\u00famero de foros nacionales e internacionales, de ah\u00ed que se hizo merecedor de la Premio Estatal Er\u00e9ndira en la rama de Literatura.<\/p>\n<p>El maestro artesano Mario Agust\u00edn Gaspar Rodr\u00edguez, nacido en P\u00e1tzcuaro, desarroll\u00f3 t\u00e9cnicas prehisp\u00e1nicas y coloniales como el maque incrustado, las m\u00e1scaras maqueadas, la escultura en pasta de ca\u00f1a de ma\u00edz y las lacas decoradas, originalidad que le confiri\u00f3 el galard\u00f3n en la categor\u00eda de Artes Tradicionales.<\/p>\n<p>Don Jos\u00e9 Agapito Tiburcio Secundino Faustino, originario de San Andr\u00e9s Tzir\u00f3ndaro, municipio de Quiroga, tiene una trayectoria como m\u00fasico y compositor que se ha enriquecido con sus interpretaciones como solista invitado de innumerables bandas y orquestas del estado, as\u00ed como por la creaci\u00f3n de la m\u00fasica y letra creadas para la primera misa cat\u00f3lica cantada en pur\u00e9pecha.<\/p>\n","protected":false},"excerpt":{"rendered":"<p>La cultura que se ve, se oye y se disfruta en la capital del estado, debe sentirse en el resto de la entidad, consider\u00f3 el Gobernador de Michoac\u00e1n, Silvano Aureoles Conejo durante su intervenci\u00f3n en la entrega del Premio Estatal de las Artes Er\u00e9ndira 2015.<\/p>\n","protected":false},"author":1,"featured_media":19216,"comment_status":"open","ping_status":"open","sticky":false,"template":"","format":"standard","meta":{"footnotes":""},"categories":[14,3],"tags":[],"class_list":["post-19215","post","type-post","status-publish","format-standard","has-post-thumbnail","hentry","category-destacadas","category-gobierno-del-estado-de-michoacan"],"_links":{"self":[{"href":"https:\/\/radiowebmx.com\/nota\/wp-json\/wp\/v2\/posts\/19215","targetHints":{"allow":["GET"]}}],"collection":[{"href":"https:\/\/radiowebmx.com\/nota\/wp-json\/wp\/v2\/posts"}],"about":[{"href":"https:\/\/radiowebmx.com\/nota\/wp-json\/wp\/v2\/types\/post"}],"author":[{"embeddable":true,"href":"https:\/\/radiowebmx.com\/nota\/wp-json\/wp\/v2\/users\/1"}],"replies":[{"embeddable":true,"href":"https:\/\/radiowebmx.com\/nota\/wp-json\/wp\/v2\/comments?post=19215"}],"version-history":[{"count":1,"href":"https:\/\/radiowebmx.com\/nota\/wp-json\/wp\/v2\/posts\/19215\/revisions"}],"predecessor-version":[{"id":19217,"href":"https:\/\/radiowebmx.com\/nota\/wp-json\/wp\/v2\/posts\/19215\/revisions\/19217"}],"wp:featuredmedia":[{"embeddable":true,"href":"https:\/\/radiowebmx.com\/nota\/wp-json\/wp\/v2\/media\/19216"}],"wp:attachment":[{"href":"https:\/\/radiowebmx.com\/nota\/wp-json\/wp\/v2\/media?parent=19215"}],"wp:term":[{"taxonomy":"category","embeddable":true,"href":"https:\/\/radiowebmx.com\/nota\/wp-json\/wp\/v2\/categories?post=19215"},{"taxonomy":"post_tag","embeddable":true,"href":"https:\/\/radiowebmx.com\/nota\/wp-json\/wp\/v2\/tags?post=19215"}],"curies":[{"name":"wp","href":"https:\/\/api.w.org\/{rel}","templated":true}]}}