{"id":19212,"date":"2015-10-30T12:38:18","date_gmt":"2015-10-30T18:38:18","guid":{"rendered":"https:\/\/radiowebmx.com\/nota\/?p=19212"},"modified":"2015-10-30T12:38:18","modified_gmt":"2015-10-30T18:38:18","slug":"promueve-ayuntamiento-de-morelia-el-talento-artistico","status":"publish","type":"post","link":"https:\/\/radiowebmx.com\/nota\/promueve-ayuntamiento-de-morelia-el-talento-artistico\/","title":{"rendered":"Promueve Ayuntamiento de Morelia el talento art\u00edstico."},"content":{"rendered":"<p>Reconoce la Secretar\u00eda del Ayuntamiento de Morelia a participantes de la tercer edici\u00f3n del concurso de fotograf\u00eda \u00a0\u201cD\u00eda de Muertos en Michoac\u00e1n, en la lente de sus habitantes\u201d, \u00a0evento organizado por Archivo Hist\u00f3rico Municipal y Museo de la Ciudad y en el que colaboraron 21 personas las cuales recibieron est\u00edmulos en especie para fomentar su gusto por la fotograf\u00eda, un reconocimiento as\u00ed como un paquete cultural de libros.<\/p>\n<p>En la premiaci\u00f3n de los ganadores de este concurso estuvieron presentes el director de Gobierno, Iv\u00e1n Barrales Alc\u00e1ntara, la directora del Archivo Hist\u00f3rico, Yaminel Bernal Astorga, el director de Asuntos Internacionales, Armando Espejel Cort\u00e9s y la directora del Centro Municipal de Mediaci\u00f3n, Emilia Bucio Pi\u00f1\u00f3n.<\/p>\n<p>Cabe recordar que en las tres realizaciones del concurso de fotograf\u00eda se ha logrado obtener m\u00e1s de 120 fotograf\u00edas, que se han quedado a resguardo del Archivo Hist\u00f3rico y Museo de la Ciudad, coment\u00f3 la titular de esta dependencia municipal, Bernal Astorga, mismas que, coment\u00f3, sirven para que se realice investigaci\u00f3n posterior y difusi\u00f3n del material audiovisual del D\u00eda de Muertos en Morelia y Michoac\u00e1n.<\/p>\n<p>Los participantes de esta exposici\u00f3n no solo fueron habitantes de la ciudad sino tambi\u00e9n se inscribieron personas de municipios como Zacapu y P\u00e1tzcuaro.<\/p>\n<p>En este mismo marco, se realiz\u00f3 la conferencia impartida por la Maestra del Instituto de Investigaciones Hist\u00f3ricas de la Universidad Michoacana, Juana Mart\u00ednez Villa, con el tema \u201cCorrido de Toros y Fieles Difuntos\u201d, en la cual explic\u00f3 su relaci\u00f3n de estas dos actividades.<\/p>\n","protected":false},"excerpt":{"rendered":"<p>Reconoce la Secretar\u00eda del Ayuntamiento de Morelia a participantes de la tercer edici\u00f3n del concurso de fotograf\u00eda  \u201cD\u00eda de Muertos en Michoac\u00e1n, en la lente de sus habitantes\u201d,  <\/p>\n","protected":false},"author":1,"featured_media":19213,"comment_status":"open","ping_status":"open","sticky":false,"template":"","format":"standard","meta":{"footnotes":""},"categories":[14,9],"tags":[],"class_list":["post-19212","post","type-post","status-publish","format-standard","has-post-thumbnail","hentry","category-destacadas","category-morelia"],"_links":{"self":[{"href":"https:\/\/radiowebmx.com\/nota\/wp-json\/wp\/v2\/posts\/19212","targetHints":{"allow":["GET"]}}],"collection":[{"href":"https:\/\/radiowebmx.com\/nota\/wp-json\/wp\/v2\/posts"}],"about":[{"href":"https:\/\/radiowebmx.com\/nota\/wp-json\/wp\/v2\/types\/post"}],"author":[{"embeddable":true,"href":"https:\/\/radiowebmx.com\/nota\/wp-json\/wp\/v2\/users\/1"}],"replies":[{"embeddable":true,"href":"https:\/\/radiowebmx.com\/nota\/wp-json\/wp\/v2\/comments?post=19212"}],"version-history":[{"count":1,"href":"https:\/\/radiowebmx.com\/nota\/wp-json\/wp\/v2\/posts\/19212\/revisions"}],"predecessor-version":[{"id":19214,"href":"https:\/\/radiowebmx.com\/nota\/wp-json\/wp\/v2\/posts\/19212\/revisions\/19214"}],"wp:featuredmedia":[{"embeddable":true,"href":"https:\/\/radiowebmx.com\/nota\/wp-json\/wp\/v2\/media\/19213"}],"wp:attachment":[{"href":"https:\/\/radiowebmx.com\/nota\/wp-json\/wp\/v2\/media?parent=19212"}],"wp:term":[{"taxonomy":"category","embeddable":true,"href":"https:\/\/radiowebmx.com\/nota\/wp-json\/wp\/v2\/categories?post=19212"},{"taxonomy":"post_tag","embeddable":true,"href":"https:\/\/radiowebmx.com\/nota\/wp-json\/wp\/v2\/tags?post=19212"}],"curies":[{"name":"wp","href":"https:\/\/api.w.org\/{rel}","templated":true}]}}