{"id":19207,"date":"2015-10-30T12:32:42","date_gmt":"2015-10-30T18:32:42","guid":{"rendered":"https:\/\/radiowebmx.com\/nota\/?p=19207"},"modified":"2015-10-30T12:32:42","modified_gmt":"2015-10-30T18:32:42","slug":"fortaleceremos-la-cultura-de-la-prevencion-y-la-accion-inmediata-silvano-aureoles","status":"publish","type":"post","link":"https:\/\/radiowebmx.com\/nota\/fortaleceremos-la-cultura-de-la-prevencion-y-la-accion-inmediata-silvano-aureoles\/","title":{"rendered":"Fortaleceremos la cultura de la prevenci\u00f3n y la acci\u00f3n inmediata: Silvano Aureoles"},"content":{"rendered":"<p>El Gobernador del Estado, Silvano Aureoles Conejo, instal\u00f3 de manera formal el Consejo Estatal de Protecci\u00f3n Civil de Michoac\u00e1n, \u00f3rgano encargado de la coordinaci\u00f3n entre las instancias federales, estatales y municipales para la prevenci\u00f3n y acci\u00f3n ante cualquier contingencia en la entidad.<\/p>\n<p>Con la presencia de presidentes municipales y delegados federales, el Gobierno del Estado cumpli\u00f3 con uno de los requerimientos legales para solicitar los recursos federales y seguir los tr\u00e1mites para los apoyos necesarios.<\/p>\n<p>\u201cEstoy consciente que como Gobierno tenemos la responsabilidad de proteger a los ciudadanos y debemos estar plenamente coordinados para dar atenci\u00f3n a quien se encuentre en medio de una cat\u00e1strofe, sobre todo cuando cada vez son m\u00e1s frecuentes los fen\u00f3menos naturales\u201d, afirm\u00f3 el Gobernador.<\/p>\n<p>Record\u00f3 que la informaci\u00f3n que se ten\u00eda hace unos d\u00edas respecto al hurac\u00e1n \u201cPatricia\u201d era preocupante, ante ello expuso que gracias a las medidas de Protecci\u00f3n Civil se pudo aminorar y con ello poder avanzar en dicha cultura de la prevenci\u00f3n.<\/p>\n<p>Manifest\u00f3 que cada vez se despierta m\u00e1s el esp\u00edritu y actitud solidaria de la ciudadan\u00eda ante los eventos que se presentan. En ese sentido asegur\u00f3 que con acciones coordinadas se podr\u00e1 atender cualquier futura situaci\u00f3n de riesgo.<\/p>\n<p>El Gobernador afirm\u00f3 que con la instalaci\u00f3n del Consejo tambi\u00e9n se ha comenzado la solicitud de apoyos del Fondo Nacional de Desastres Naturales (Fonden), para hacerlos llegar a 14 municipios afectados por \u201cPatricia\u201d, y de manera particular a Arteaga, Aquila y Coahuayana, lugares donde el meteoro da\u00f1\u00f3 viviendas e infraestructura vial, adem\u00e1s de los cultivos en la Costa.<\/p>\n<p>El tambi\u00e9n presidente del Consejo Estatal de Protecci\u00f3n Civil hizo un exhorto a los integrantes del Consejo para mantener una comunicaci\u00f3n permanente y coordinada, y sobre todo fortalecer a los municipios a fin de que se pueda acompa\u00f1ar a los alcaldes para que cuenten con las herramientas necesarias para la protecci\u00f3n civil.<\/p>\n<p>Por su parte, el secretario de Gobierno, Adri\u00e1n L\u00f3pez Sol\u00eds, sostuvo que fen\u00f3menos latentes como los sismos, inundaciones, huracanes, nos demuestran la relevancia que tienen las acciones coordinadas para atender los efectos de manera inmediata y poder lograr la recuperaci\u00f3n de quienes resulten damnificados en su persona, sus bienes o su entorno.<\/p>\n<p>\u201cLa especializaci\u00f3n y profesionalizaci\u00f3n, son tambi\u00e9n una pieza clave para la prevenci\u00f3n de desastres que bien implementados pueden ser la salvaguarda de cientos de ciudadanos\u201d, dijo.<\/p>\n<p>De ah\u00ed, expuso la importancia del trabajo y el esfuerzo conjunto en \u00e9ste como en distintos temas en la entidad, que logren involucrar de manera efectiva a distintos sectores sociales; organizaciones civiles, organismos empresariales, medios de comunicaci\u00f3n entre otros, pues s\u00ed bien recae la responsabilidad en \u00e1reas espec\u00edficas de cada orden de gobierno, es obligaci\u00f3n de todos contribuir en \u00e9sta labor transcendental.<\/p>\n<p>En la sesi\u00f3n de instalaci\u00f3n del Comit\u00e9 estuvo presente Rogelio Conde Garc\u00eda, de la Coordinaci\u00f3n Nacional de Protecci\u00f3n Civil, as\u00ed como los titulares del Gabinete Legal y Ampliado de Michoac\u00e1n.<\/p>\n","protected":false},"excerpt":{"rendered":"<p>El Gobernador del Estado, Silvano Aureoles Conejo, instal\u00f3 de manera formal el Consejo Estatal de Protecci\u00f3n Civil de Michoac\u00e1n, \u00f3rgano encargado de la coordinaci\u00f3n entre las instancias federales, estatales y municipales para la prevenci\u00f3n y acci\u00f3n ante cualquier contingencia en la entidad.<\/p>\n","protected":false},"author":1,"featured_media":19208,"comment_status":"open","ping_status":"open","sticky":false,"template":"","format":"standard","meta":{"footnotes":""},"categories":[14,9],"tags":[],"class_list":["post-19207","post","type-post","status-publish","format-standard","has-post-thumbnail","hentry","category-destacadas","category-morelia"],"_links":{"self":[{"href":"https:\/\/radiowebmx.com\/nota\/wp-json\/wp\/v2\/posts\/19207","targetHints":{"allow":["GET"]}}],"collection":[{"href":"https:\/\/radiowebmx.com\/nota\/wp-json\/wp\/v2\/posts"}],"about":[{"href":"https:\/\/radiowebmx.com\/nota\/wp-json\/wp\/v2\/types\/post"}],"author":[{"embeddable":true,"href":"https:\/\/radiowebmx.com\/nota\/wp-json\/wp\/v2\/users\/1"}],"replies":[{"embeddable":true,"href":"https:\/\/radiowebmx.com\/nota\/wp-json\/wp\/v2\/comments?post=19207"}],"version-history":[{"count":1,"href":"https:\/\/radiowebmx.com\/nota\/wp-json\/wp\/v2\/posts\/19207\/revisions"}],"predecessor-version":[{"id":19209,"href":"https:\/\/radiowebmx.com\/nota\/wp-json\/wp\/v2\/posts\/19207\/revisions\/19209"}],"wp:featuredmedia":[{"embeddable":true,"href":"https:\/\/radiowebmx.com\/nota\/wp-json\/wp\/v2\/media\/19208"}],"wp:attachment":[{"href":"https:\/\/radiowebmx.com\/nota\/wp-json\/wp\/v2\/media?parent=19207"}],"wp:term":[{"taxonomy":"category","embeddable":true,"href":"https:\/\/radiowebmx.com\/nota\/wp-json\/wp\/v2\/categories?post=19207"},{"taxonomy":"post_tag","embeddable":true,"href":"https:\/\/radiowebmx.com\/nota\/wp-json\/wp\/v2\/tags?post=19207"}],"curies":[{"name":"wp","href":"https:\/\/api.w.org\/{rel}","templated":true}]}}