{"id":19201,"date":"2015-10-30T12:05:52","date_gmt":"2015-10-30T18:05:52","guid":{"rendered":"https:\/\/radiowebmx.com\/nota\/?p=19201"},"modified":"2015-10-30T12:05:52","modified_gmt":"2015-10-30T18:05:52","slug":"labor-medica-y-ensenanza-tareas-nobles-y-humanas-silvano-aureoles","status":"publish","type":"post","link":"https:\/\/radiowebmx.com\/nota\/labor-medica-y-ensenanza-tareas-nobles-y-humanas-silvano-aureoles\/","title":{"rendered":"Labor m\u00e9dica y ense\u00f1anza, tareas nobles y humanas: Silvano Aureoles"},"content":{"rendered":"<p>Con el compromiso de avanzar en la dignificaci\u00f3n del salario de quienes con su labor diaria salvan miles de vida y previenen padecimientos, el Gobernador de Michoac\u00e1n Silvano Aureoles Conejo, expres\u00f3 su reconocimiento a las y los m\u00e9dicos de los servicios de salud de la entidad, cuya tarea, al igual que la ense\u00f1anza docente, calific\u00f3 como de las m\u00e1s nobles y humanas.<\/p>\n<p>En el marco del festejo del D\u00eda del M\u00e9dico que organiz\u00f3 la Secretar\u00eda de Salud en la entidad, el mandatario michoacano manifest\u00f3 que es propicio para reconocer a las y los galenos, pero tambi\u00e9n &#8220;pedirles que sigamos trabajando y poniendo por delante el inter\u00e9s de la sociedad, de los pacientes y del ser humano&#8221;.<\/p>\n<p>Aureoles Conejo asegur\u00f3 que su Gobierno hace el mejor esfuerzo para que en materia de salud, se tengan los recursos suficientes para ampliar la cobertura de los servicios y con ello, contar con m\u00e1s plazas laborales para las y los m\u00e9dicos.<\/p>\n<p>Ejemplo de ello, es que en los primeros meses del pr\u00f3ximo a\u00f1o entrar\u00e1 en operaci\u00f3n el nuevo Hospital General de Morelia, ahora en Ciudad Salud, adem\u00e1s de ampliar los Centros y Cl\u00ednicas de la SSM en el interior del estado.<\/p>\n<p>Luego de entregar reconocimientos por su trayectoria en el servicio m\u00e9dico\u00a0 a 17 hombres y mujeres de las instancias p\u00fablicas del rubro, el Gobernador dijo estar seguro que con la fuerza y colaboraci\u00f3n de las doctoras y doctores, se podr\u00e1 dar un empuj\u00f3n al estado y cambiar la percepci\u00f3n del mismo.<\/p>\n<p>El secretario de Salud de la entidad, Carlos Aranza Doniz, tambi\u00e9n reconoci\u00f3 a quienes con su trabajo cotidiano ayudan a trabajar para que las y los michoacanos tengan mejores condiciones de vida a trav\u00e9s de la salud, y los invit\u00f3 a mantener el esp\u00edritu de servicio a la comunidad.<\/p>\n<p>A nombre de los galardonados, Alejandro S\u00e1nchez Iriarte, manifest\u00f3 lo que para muchos significa la labor m\u00e9dica y el rol de esta profesi\u00f3n en la sociedad.<\/p>\n","protected":false},"excerpt":{"rendered":"<p>Con el compromiso de avanzar en la dignificaci\u00f3n del salario de quienes con su labor diaria salvan miles de vida y previenen padecimientos, el Gobernador de Michoac\u00e1n Silvano Aureoles Conejo, expres\u00f3 su reconocimiento a las y los m\u00e9dicos de los servicios de salud de la entidad, cuya tarea, <\/p>\n","protected":false},"author":1,"featured_media":19202,"comment_status":"open","ping_status":"open","sticky":false,"template":"","format":"standard","meta":{"footnotes":""},"categories":[14,3],"tags":[],"class_list":["post-19201","post","type-post","status-publish","format-standard","has-post-thumbnail","hentry","category-destacadas","category-gobierno-del-estado-de-michoacan"],"_links":{"self":[{"href":"https:\/\/radiowebmx.com\/nota\/wp-json\/wp\/v2\/posts\/19201","targetHints":{"allow":["GET"]}}],"collection":[{"href":"https:\/\/radiowebmx.com\/nota\/wp-json\/wp\/v2\/posts"}],"about":[{"href":"https:\/\/radiowebmx.com\/nota\/wp-json\/wp\/v2\/types\/post"}],"author":[{"embeddable":true,"href":"https:\/\/radiowebmx.com\/nota\/wp-json\/wp\/v2\/users\/1"}],"replies":[{"embeddable":true,"href":"https:\/\/radiowebmx.com\/nota\/wp-json\/wp\/v2\/comments?post=19201"}],"version-history":[{"count":1,"href":"https:\/\/radiowebmx.com\/nota\/wp-json\/wp\/v2\/posts\/19201\/revisions"}],"predecessor-version":[{"id":19203,"href":"https:\/\/radiowebmx.com\/nota\/wp-json\/wp\/v2\/posts\/19201\/revisions\/19203"}],"wp:featuredmedia":[{"embeddable":true,"href":"https:\/\/radiowebmx.com\/nota\/wp-json\/wp\/v2\/media\/19202"}],"wp:attachment":[{"href":"https:\/\/radiowebmx.com\/nota\/wp-json\/wp\/v2\/media?parent=19201"}],"wp:term":[{"taxonomy":"category","embeddable":true,"href":"https:\/\/radiowebmx.com\/nota\/wp-json\/wp\/v2\/categories?post=19201"},{"taxonomy":"post_tag","embeddable":true,"href":"https:\/\/radiowebmx.com\/nota\/wp-json\/wp\/v2\/tags?post=19201"}],"curies":[{"name":"wp","href":"https:\/\/api.w.org\/{rel}","templated":true}]}}