{"id":19198,"date":"2015-10-30T12:02:44","date_gmt":"2015-10-30T18:02:44","guid":{"rendered":"https:\/\/radiowebmx.com\/nota\/?p=19198"},"modified":"2015-10-30T12:02:44","modified_gmt":"2015-10-30T18:02:44","slug":"alfonso-martinez-participa-en-conferencia-nacional-de-alcaldes-en-representacion-de-independientes","status":"publish","type":"post","link":"https:\/\/radiowebmx.com\/nota\/alfonso-martinez-participa-en-conferencia-nacional-de-alcaldes-en-representacion-de-independientes\/","title":{"rendered":"Alfonso Mart\u00ednez participa en Conferencia Nacional de Alcaldes en representaci\u00f3n de Independientes"},"content":{"rendered":"<p>Ante m\u00e1s de mil presidentes municipales de todo el pa\u00eds, Alfonso Mart\u00ednez expuso el reto que tiene un gobernante al llegar a un municipio con graves problem\u00e1ticas que incluyen una gruesa plantilla laboral, as\u00ed como la estructura de un organigrama carente y con una deficiente planeaci\u00f3n a largo plazo.<\/p>\n<p>En este sentido, el Alcalde moreliano precis\u00f3 que el hecho de disminuir el gasto corriente es con la finalidad de lograr que el recurso se aplique directamente a la obra p\u00fablica y que esta impacte notoriamente en el desarrollo de la ciudad.<\/p>\n<p>Durante las 4 ponencias desarrolladas, destacaron las participaciones de los Alcaldes de Aguascalientes, Acapulco, Xalapa y la del municipio de Morelia; por lo que Mart\u00ednez Alc\u00e1zar subray\u00f3 que es importante atraer inversi\u00f3n nacional e internacional a la capital michoacana y con ello generar las fuentes de empleo que necesita.<\/p>\n<p>Asimismo, asegur\u00f3 que una problem\u00e1tica que se ha presentado de manera constante en\u00a0 las administraciones municipales, es la falta de planeaci\u00f3n a largo plazo, lo que ha impedido lograr una visi\u00f3n estrat\u00e9gica, esto debido a que las administraciones de tres a\u00f1os, solo se enfocan en su periodo y no consideran proyectos con planeaci\u00f3n y enfoque.<\/p>\n<p>\u201cEs indispensable concretar una planeaci\u00f3n de gobierno municipal a largo plazo, con una visi\u00f3n amplia y con participaci\u00f3n de los ciudadanos, para que ellos sean los que den seguimiento a los proyectos y continuidad a la visi\u00f3n de una ciudad\u201d, se\u00f1al\u00f3.<\/p>\n<p>Destac\u00f3 que\u00a0 una de los grandes objetivos de la actual administraci\u00f3n de la capital de Michoac\u00e1n, es la de generar una estrategia municipal a 25 a\u00f1os por medio de un plan denominado Morelia NExT 1.0, el cual tiene como finalidad otorgarle continuidad a los proyectos que requiere la ciudadan\u00eda.<\/p>\n<p>En el tema de seguridad y en la implementaci\u00f3n del Mando \u00danico, resalt\u00f3 la importancia de que incremente la participaci\u00f3n de la sociedad en la toma de decisiones, as\u00ed como medir las acciones y los avances que se logren con estas acciones.<\/p>\n<p>Cabe mencionar que la Conferencia Anual de Municipios es la cumbre que re\u00fane Alcaldes, autoridades locales y l\u00edderes de los 2 mil 445 municipios mexicanos, con el prop\u00f3sito de construir la agenda de los gobiernos locales con visi\u00f3n de futuro.<\/p>\n<p>De igual forma se ofrece un di\u00e1logo y concertaci\u00f3n con los principales actores gubernamentales, pol\u00edticos y legisladores de la vida p\u00fablica nacional.<\/p>\n<p>Es importante se\u00f1alar que los objetivos generales de la Conferencia 2015, fueron los de impulsar una reforma nacional federalista con la visi\u00f3n de fortalecer las capacidades de los gobiernos municipales en materia pol\u00edtica e institucional, adem\u00e1s de concretar la Agenda Municipal 2015-2018 con un conjunto de iniciativas sobre el gobierno, democracia local y participaci\u00f3n ciudadana.<\/p>\n<p>Dentro de este foro en que particip\u00f3 el Alcalde michoacano Alfonso Mart\u00ednez, tambi\u00e9n cont\u00f3 con la participaci\u00f3n de Rosario Robles, secretaria de Desarrollo Agrario, Urbano y Territorial, y\u00a0 Oscar Arias S\u00e1nchez, ex presidente de Costa Rica y premio nobel de La Paz. De igual forma se espera la participaci\u00f3n del Presidente de M\u00e9xico, Enrique Pe\u00f1a Nieto, Migue \u00c1ngel Osorio Chong, secretario de Gobierno y Luis Videgaray Caso, secretario de Hacienda y Cr\u00e9dito P\u00fablico.<\/p>\n","protected":false},"excerpt":{"rendered":"<p>Con la finalidad de contribuir en una administraci\u00f3n m\u00e1s eficiente, como representante de Alcaldes Independientes de M\u00e9xico, el Presidente Municipal de Morelia, Alfonso Mart\u00ednez Alc\u00e1zar acudi\u00f3 este jueves a la Conferencia Anual de Municipios que se lleva a cabo en el Estado de Chihuahua, <\/p>\n","protected":false},"author":1,"featured_media":19199,"comment_status":"open","ping_status":"open","sticky":false,"template":"","format":"standard","meta":{"footnotes":""},"categories":[14,9],"tags":[],"class_list":["post-19198","post","type-post","status-publish","format-standard","has-post-thumbnail","hentry","category-destacadas","category-morelia"],"_links":{"self":[{"href":"https:\/\/radiowebmx.com\/nota\/wp-json\/wp\/v2\/posts\/19198","targetHints":{"allow":["GET"]}}],"collection":[{"href":"https:\/\/radiowebmx.com\/nota\/wp-json\/wp\/v2\/posts"}],"about":[{"href":"https:\/\/radiowebmx.com\/nota\/wp-json\/wp\/v2\/types\/post"}],"author":[{"embeddable":true,"href":"https:\/\/radiowebmx.com\/nota\/wp-json\/wp\/v2\/users\/1"}],"replies":[{"embeddable":true,"href":"https:\/\/radiowebmx.com\/nota\/wp-json\/wp\/v2\/comments?post=19198"}],"version-history":[{"count":1,"href":"https:\/\/radiowebmx.com\/nota\/wp-json\/wp\/v2\/posts\/19198\/revisions"}],"predecessor-version":[{"id":19200,"href":"https:\/\/radiowebmx.com\/nota\/wp-json\/wp\/v2\/posts\/19198\/revisions\/19200"}],"wp:featuredmedia":[{"embeddable":true,"href":"https:\/\/radiowebmx.com\/nota\/wp-json\/wp\/v2\/media\/19199"}],"wp:attachment":[{"href":"https:\/\/radiowebmx.com\/nota\/wp-json\/wp\/v2\/media?parent=19198"}],"wp:term":[{"taxonomy":"category","embeddable":true,"href":"https:\/\/radiowebmx.com\/nota\/wp-json\/wp\/v2\/categories?post=19198"},{"taxonomy":"post_tag","embeddable":true,"href":"https:\/\/radiowebmx.com\/nota\/wp-json\/wp\/v2\/tags?post=19198"}],"curies":[{"name":"wp","href":"https:\/\/api.w.org\/{rel}","templated":true}]}}