{"id":18979,"date":"2015-10-23T15:10:27","date_gmt":"2015-10-23T20:10:27","guid":{"rendered":"https:\/\/radiowebmx.com\/nota\/?p=18979"},"modified":"2015-10-23T15:10:27","modified_gmt":"2015-10-23T20:10:27","slug":"sostiene-silvano-aureoles-encuentro-con-ganaderos-de-apatzingan","status":"publish","type":"post","link":"https:\/\/radiowebmx.com\/nota\/sostiene-silvano-aureoles-encuentro-con-ganaderos-de-apatzingan\/","title":{"rendered":"Sostiene Silvano Aureoles encuentro con ganaderos de Apatzing\u00e1n"},"content":{"rendered":"<div>El Gobernador de Michoac\u00e1n, Silvano Aureoles Conejo, sostuvo un encuentro con los ganaderos del Valle de Apatzing\u00e1n, a quienes refrend\u00f3 su compromiso de trabajar para reactivar a este sector que representa\u00a0uno de los m\u00e1s productivos de la regi\u00f3n.<\/div>\n<div><\/div>\n<div>Durante su estancia en el coraz\u00f3n de la Tierra Caliente, el mandatario estatal platic\u00f3 con los productores ganaderos, a quienes afirm\u00f3 que ya se trabaja en la implementaci\u00f3n de proyectos que impulsar\u00e1n la econom\u00eda del Valle de Apatzing\u00e1n y de todo Michoac\u00e1n.<\/div>\n","protected":false},"excerpt":{"rendered":"<p>El Gobernador de Michoac\u00e1n, Silvano Aureoles Conejo, sostuvo un encuentro con los ganaderos del Valle de Apatzing\u00e1n, a quienes refrend\u00f3 su compromiso de trabajar para reactivar a este sector que representa uno de los m\u00e1s productivos de la regi\u00f3n.<\/p>\n","protected":false},"author":1,"featured_media":0,"comment_status":"open","ping_status":"open","sticky":false,"template":"","format":"standard","meta":{"footnotes":""},"categories":[14,3],"tags":[],"class_list":["post-18979","post","type-post","status-publish","format-standard","hentry","category-destacadas","category-gobierno-del-estado-de-michoacan"],"_links":{"self":[{"href":"https:\/\/radiowebmx.com\/nota\/wp-json\/wp\/v2\/posts\/18979","targetHints":{"allow":["GET"]}}],"collection":[{"href":"https:\/\/radiowebmx.com\/nota\/wp-json\/wp\/v2\/posts"}],"about":[{"href":"https:\/\/radiowebmx.com\/nota\/wp-json\/wp\/v2\/types\/post"}],"author":[{"embeddable":true,"href":"https:\/\/radiowebmx.com\/nota\/wp-json\/wp\/v2\/users\/1"}],"replies":[{"embeddable":true,"href":"https:\/\/radiowebmx.com\/nota\/wp-json\/wp\/v2\/comments?post=18979"}],"version-history":[{"count":1,"href":"https:\/\/radiowebmx.com\/nota\/wp-json\/wp\/v2\/posts\/18979\/revisions"}],"predecessor-version":[{"id":18980,"href":"https:\/\/radiowebmx.com\/nota\/wp-json\/wp\/v2\/posts\/18979\/revisions\/18980"}],"wp:attachment":[{"href":"https:\/\/radiowebmx.com\/nota\/wp-json\/wp\/v2\/media?parent=18979"}],"wp:term":[{"taxonomy":"category","embeddable":true,"href":"https:\/\/radiowebmx.com\/nota\/wp-json\/wp\/v2\/categories?post=18979"},{"taxonomy":"post_tag","embeddable":true,"href":"https:\/\/radiowebmx.com\/nota\/wp-json\/wp\/v2\/tags?post=18979"}],"curies":[{"name":"wp","href":"https:\/\/api.w.org\/{rel}","templated":true}]}}