{"id":18962,"date":"2015-10-23T13:59:48","date_gmt":"2015-10-23T18:59:48","guid":{"rendered":"https:\/\/radiowebmx.com\/nota\/?p=18962"},"modified":"2015-10-23T13:59:48","modified_gmt":"2015-10-23T18:59:48","slug":"dif-morelia-comprometido-con-el-sano-desarrollo-de-los-ninos","status":"publish","type":"post","link":"https:\/\/radiowebmx.com\/nota\/dif-morelia-comprometido-con-el-sano-desarrollo-de-los-ninos\/","title":{"rendered":"DIF Morelia, comprometido con el sano desarrollo de los ni\u00f1os"},"content":{"rendered":"<p>Con el compromiso de velar por la integridad y el sano desarrollo de los ni\u00f1os morelianos, la presidenta honoraria del DIF Morelia, Paola Delgadillo de Mart\u00ednez, realiz\u00f3 este jueves un recorrido por el Centro Infantil de Educaci\u00f3n Inicial de Morelia (CIEDIM) \u201cDignidad\u201d.<\/p>\n<p>Acompa\u00f1ada del secretario de Desarrollo Social, Guillermo Cuitl\u00e1huac Mar\u00edn Ch\u00e1vez, la presidenta del DIF visit\u00f3 la estancia infantil para conocer las condiciones en las que brinda el servicio, as\u00ed como recoger de viva voz las necesidades de la misma.<\/p>\n<p>Tras pasar a cada una de las \u00e1reas del CIEDIM \u201cDignidad\u201d: la zona de cuneros, aulas para los diferentes grupos de maternal, comedor, cocina, consultorio m\u00e9dico, juegos infantiles, regaderas, pista y estacionamiento, la Presidenta Honoraria del DIF reconoci\u00f3 la entrega del personal y refrend\u00f3 el compromiso de impulsar el sano desarrollo de los ni\u00f1os mediante actividades educativas y recreativas de calidad.<\/p>\n<p>\u201cPodemos garantizar a los familiares que sus hijos son atendidos de manera adecuada, al brindarle los mejores servicios para su desarrollo f\u00edsico y mental\u201d, resalt\u00f3.<\/p>\n<p>Constat\u00f3 que la guarder\u00eda, que atiende a 124 peque\u00f1os de los 45 d\u00edas de nacidos a los 4 a\u00f1os de edad, cuenta con los mejores est\u00e1ndares de calidad, seguridad e higiene, adem\u00e1s de dar cumplimiento a las normas oficiales ya que adem\u00e1s tiene un circuito de videovigilancia, sistema contra incendios y salidas de emergencia.<\/p>\n<p>Es de se\u00f1alar, que la estancia infantil, ubicada en la colonia Mariano Escobedo, est\u00e1 dirigida a los hijos de padres y madres de escasos recursos no cuenta con seguro social. Por ello, para el ingreso de los menores se hace previamente un estudio socioecon\u00f3mico de los progenitores y en base a ello, se les asigna una peque\u00f1a cuota mensual de recuperaci\u00f3n.<\/p>\n<p>Atendiendo las necesidades laborales de los padres, brinda el servicio en un horario de 7 de la ma\u00f1ana a 5 de la tarde.<\/p>\n","protected":false},"excerpt":{"rendered":"<p>Con el compromiso de velar por la integridad y el sano desarrollo de los ni\u00f1os morelianos, la presidenta honoraria del DIF Morelia, Paola Delgadillo de Mart\u00ednez, realiz\u00f3 este jueves un recorrido por el Centro Infantil de Educaci\u00f3n Inicial de Morelia (CIEDIM) \u201cDignidad\u201d.<\/p>\n","protected":false},"author":1,"featured_media":18963,"comment_status":"open","ping_status":"open","sticky":false,"template":"","format":"standard","meta":{"footnotes":""},"categories":[14,9],"tags":[],"class_list":["post-18962","post","type-post","status-publish","format-standard","has-post-thumbnail","hentry","category-destacadas","category-morelia"],"_links":{"self":[{"href":"https:\/\/radiowebmx.com\/nota\/wp-json\/wp\/v2\/posts\/18962","targetHints":{"allow":["GET"]}}],"collection":[{"href":"https:\/\/radiowebmx.com\/nota\/wp-json\/wp\/v2\/posts"}],"about":[{"href":"https:\/\/radiowebmx.com\/nota\/wp-json\/wp\/v2\/types\/post"}],"author":[{"embeddable":true,"href":"https:\/\/radiowebmx.com\/nota\/wp-json\/wp\/v2\/users\/1"}],"replies":[{"embeddable":true,"href":"https:\/\/radiowebmx.com\/nota\/wp-json\/wp\/v2\/comments?post=18962"}],"version-history":[{"count":1,"href":"https:\/\/radiowebmx.com\/nota\/wp-json\/wp\/v2\/posts\/18962\/revisions"}],"predecessor-version":[{"id":18964,"href":"https:\/\/radiowebmx.com\/nota\/wp-json\/wp\/v2\/posts\/18962\/revisions\/18964"}],"wp:featuredmedia":[{"embeddable":true,"href":"https:\/\/radiowebmx.com\/nota\/wp-json\/wp\/v2\/media\/18963"}],"wp:attachment":[{"href":"https:\/\/radiowebmx.com\/nota\/wp-json\/wp\/v2\/media?parent=18962"}],"wp:term":[{"taxonomy":"category","embeddable":true,"href":"https:\/\/radiowebmx.com\/nota\/wp-json\/wp\/v2\/categories?post=18962"},{"taxonomy":"post_tag","embeddable":true,"href":"https:\/\/radiowebmx.com\/nota\/wp-json\/wp\/v2\/tags?post=18962"}],"curies":[{"name":"wp","href":"https:\/\/api.w.org\/{rel}","templated":true}]}}