{"id":18959,"date":"2015-10-23T13:56:10","date_gmt":"2015-10-23T18:56:10","guid":{"rendered":"https:\/\/radiowebmx.com\/nota\/?p=18959"},"modified":"2015-10-23T13:56:10","modified_gmt":"2015-10-23T18:56:10","slug":"firma-icatmi-convenio-para-ampliar-cobertura-en-tuxpan","status":"publish","type":"post","link":"https:\/\/radiowebmx.com\/nota\/firma-icatmi-convenio-para-ampliar-cobertura-en-tuxpan\/","title":{"rendered":"Firma Icatmi convenio para ampliar cobertura en Tuxpan"},"content":{"rendered":"<p>El director general del Instituto de Capacitaci\u00f3n para el Trabajado del Estado de Michoac\u00e1n, Juan Carlos Barrag\u00e1n V\u00e9lez, firm\u00f3 un convenio de colaboraci\u00f3n con el Ayuntamiento de Tuxpan que encabeza Jes\u00fas Antonio Mora Gonz\u00e1lez,\u00a0para la ampliaci\u00f3n de la cobertura de Icatmi en este municipio, ya que afirm\u00f3, es necesario reforzar la\u00a0capacitaci\u00f3n para mejorar la calidad de vida, as\u00ed como la econom\u00eda de las y los michoacanos de la regi\u00f3n.<\/p>\n<p>El Director General del Icatmi\u00a0mencion\u00f3\u00a0que la\u00a0encomienda\u00a0del Gobernador, Silvano Aureoles Conejo, es trabajar\u00a0en conjunto\u00a0con las presidencias municipales para fortalecer la vida diaria de los que viven en la regi\u00f3n. El funcionario coment\u00f3\u00a0que de ser necesario, habr\u00e1 que reequipar el plantel para que\u00a0est\u00e9 en condiciones de brindar mejores servicios.<\/p>\n<p>El alcalde Jes\u00fas Mora,\u00a0mencion\u00f3\u00a0que el Icatmi es una\u00a0instituci\u00f3n\u00a0noble a la cual estar\u00e1\u00a0apoyando con el fin de impulsar juntos el desarrollo econ\u00f3mico a la regi\u00f3n.<\/p>\n<p><strong>Recorrido por Acci\u00f3n M\u00f3vil de Tuxpan y plantel Ciudad Hidalgo<\/strong><\/p>\n<p>M\u00e1s tarde, Juan Carlos Barrag\u00e1n visit\u00f3 las instalaciones de la Acci\u00f3n\u00a0M\u00f3vil\u00a0de Tuxpan y el plantel de Ciudad Hidalgo,\u00a0 donde\u00a0supervis\u00f3\u00a0las actividades y salud\u00f3\u00a0a la plantilla laboral.<\/p>\n<p>Ofreci\u00f3 una pl\u00e1tica informativa a los trabajadores de estos espacios, con el prop\u00f3sito de incentivar la comunicaci\u00f3n directa con la comunidad,\u00a0siguiendo las indicaciones del Gobernador Silvano Aureoles, de mantener las instalaciones del Icatmi en las mejores condiciones a fin de impartir capacitaci\u00f3n con mayor calidad a quienes asisten y laboran en este Instituto.<\/p>\n","protected":false},"excerpt":{"rendered":"<p>El director general del Instituto de Capacitaci\u00f3n para el Trabajado del Estado de Michoac\u00e1n, Juan Carlos Barrag\u00e1n V\u00e9lez, firm\u00f3 un convenio de colaboraci\u00f3n con el Ayuntamiento de Tuxpan que encabeza Jes\u00fas Antonio Mora Gonz\u00e1lez, para la ampliaci\u00f3n de la cobertura de Icatmi en este municipio, <\/p>\n","protected":false},"author":1,"featured_media":18960,"comment_status":"open","ping_status":"open","sticky":false,"template":"","format":"standard","meta":{"footnotes":""},"categories":[14,3],"tags":[],"class_list":["post-18959","post","type-post","status-publish","format-standard","has-post-thumbnail","hentry","category-destacadas","category-gobierno-del-estado-de-michoacan"],"_links":{"self":[{"href":"https:\/\/radiowebmx.com\/nota\/wp-json\/wp\/v2\/posts\/18959","targetHints":{"allow":["GET"]}}],"collection":[{"href":"https:\/\/radiowebmx.com\/nota\/wp-json\/wp\/v2\/posts"}],"about":[{"href":"https:\/\/radiowebmx.com\/nota\/wp-json\/wp\/v2\/types\/post"}],"author":[{"embeddable":true,"href":"https:\/\/radiowebmx.com\/nota\/wp-json\/wp\/v2\/users\/1"}],"replies":[{"embeddable":true,"href":"https:\/\/radiowebmx.com\/nota\/wp-json\/wp\/v2\/comments?post=18959"}],"version-history":[{"count":1,"href":"https:\/\/radiowebmx.com\/nota\/wp-json\/wp\/v2\/posts\/18959\/revisions"}],"predecessor-version":[{"id":18961,"href":"https:\/\/radiowebmx.com\/nota\/wp-json\/wp\/v2\/posts\/18959\/revisions\/18961"}],"wp:featuredmedia":[{"embeddable":true,"href":"https:\/\/radiowebmx.com\/nota\/wp-json\/wp\/v2\/media\/18960"}],"wp:attachment":[{"href":"https:\/\/radiowebmx.com\/nota\/wp-json\/wp\/v2\/media?parent=18959"}],"wp:term":[{"taxonomy":"category","embeddable":true,"href":"https:\/\/radiowebmx.com\/nota\/wp-json\/wp\/v2\/categories?post=18959"},{"taxonomy":"post_tag","embeddable":true,"href":"https:\/\/radiowebmx.com\/nota\/wp-json\/wp\/v2\/tags?post=18959"}],"curies":[{"name":"wp","href":"https:\/\/api.w.org\/{rel}","templated":true}]}}