{"id":18956,"date":"2015-10-22T12:52:13","date_gmt":"2015-10-22T17:52:13","guid":{"rendered":"https:\/\/radiowebmx.com\/nota\/?p=18956"},"modified":"2015-10-22T12:52:13","modified_gmt":"2015-10-22T17:52:13","slug":"ninas-de-hidalgo-y-baja-california-ganan-etapa-nacional-en-concurso-de-dibujo-infantil-vamos-a-pintar-un-arbol","status":"publish","type":"post","link":"https:\/\/radiowebmx.com\/nota\/ninas-de-hidalgo-y-baja-california-ganan-etapa-nacional-en-concurso-de-dibujo-infantil-vamos-a-pintar-un-arbol\/","title":{"rendered":"Ni\u00f1as de Hidalgo y Baja California ganan etapa nacional en Concurso de Dibujo Infantil \u201cVamos a pintar un \u00e1rbol\u201d"},"content":{"rendered":"<p>Desde la creaci\u00f3n del certamen, este 2015 ha sido el a\u00f1o que m\u00e1s trabajos se han recibido a nivel nacional el concurso de dibujo infantil &#8220;Vamos a pintar un \u00e1rbol&#8221; con un total de 30,589 trabajos. De \u00e9stos, 253 pasaron a la etapa nacional y resultaron ganadoras\u00a0 Mar\u00eda Jos\u00e9 Gonz\u00e1lez Sampedro de Baja California en la categor\u00eda &#8220;Peque\u00f1os&#8221; y Leslie Ayar Hern\u00e1ndez Ju\u00e1rez de Hidalgo en la categor\u00eda &#8220;Grandes&#8221;.<\/p>\n<p>&nbsp;<\/p>\n<p>El jurado calificador estuvo conformado por especialistas en \u00e1rea art\u00edstica, creativa y t\u00e9cnica forestal. La parte t\u00e9cnica fue evaluada por la Maestra Leticia Hern\u00e1ndez L\u00f3pez, Profesora Investigadora del Departamento de Bot\u00e1nica y por el Dr. Efr\u00e9n Hern\u00e1ndez \u00c1lvarez, Profesor Investigador del Departamento de Producci\u00f3n Forestal, ambos del Centro Universitario de Ciencias Biol\u00f3gicas y Agropecuarias (CUCBA), perteneciente a la Universidad de Guadalajara.<\/p>\n<p>&nbsp;<\/p>\n<p>La parte art\u00edstica y creativa fue evaluada por la Maestra Tessie Solin\u00eds Casparius, Coordinadora y Promotora de arte infantil de la Biblioteca P\u00fablica del Estado de Jalisco, el F\u00edsico Juan Miguel Nepote Gonz\u00e1les, Director Creativo del Museo Interactivo Trompo M\u00e1gico y el Lic. Agust\u00edn Maldonado Pe\u00f1a, Muse\u00f3grafo del Instituto Cultural Caba\u00f1as.<\/p>\n<p>&nbsp;<\/p>\n<p>La premiaci\u00f3n nacional del concurso ser\u00e1 llevada a cabo el mes de noviembre en la ciudad de Guadalajara, donde cada ganador recibir\u00e1 su premio y su diploma. Los primeros lugares son acreedores a 10,000 pesos, los segundos lugares obtienen 5,000 pesos y los dos terceros lugares recibir\u00e1n 3,000 pesos.<\/p>\n<p>&nbsp;<\/p>\n<p><b>Los dibujos ganadores nacionales quedaron de la siguiente manera:<\/b><\/p>\n<p><b>\u00a0<\/b><\/p>\n<p><b>Categor\u00eda Peque\u00f1os<\/b><\/p>\n<p>Primer lugar \u00a0\u00a0\u00a0\u00a0\u00a0 Mar\u00eda Jos\u00e9 Gonz\u00e1lez Sampedro\u00a0\u00a0\u00a0\u00a0\u00a0\u00a0\u00a0\u00a0\u00a0\u00a0\u00a0\u00a0\u00a0\u00a0\u00a0\u00a0\u00a0\u00a0\u00a0\u00a0\u00a0\u00a0\u00a0\u00a0\u00a0\u00a0\u00a0\u00a0\u00a0\u00a0 Baja California<\/p>\n<p>Segundo lugar Dariana Serra \u00c1valos\u00a0\u00a0\u00a0\u00a0\u00a0 \u00a0\u00a0\u00a0\u00a0\u00a0\u00a0\u00a0\u00a0\u00a0\u00a0\u00a0\u00a0\u00a0\u00a0\u00a0\u00a0\u00a0\u00a0\u00a0\u00a0\u00a0\u00a0\u00a0\u00a0\u00a0\u00a0\u00a0\u00a0\u00a0 Tabasco<\/p>\n<p>Tercer lugar \u00a0\u00a0\u00a0\u00a0\u00a0 Neri Axel Trujillo \u00a0\u00a0\u00a0\u00a0\u00a0\u00a0\u00a0\u00a0\u00a0\u00a0\u00a0\u00a0\u00a0\u00a0\u00a0\u00a0\u00a0\u00a0\u00a0\u00a0\u00a0\u00a0\u00a0\u00a0\u00a0\u00a0\u00a0\u00a0\u00a0\u00a0\u00a0\u00a0\u00a0\u00a0\u00a0\u00a0\u00a0\u00a0\u00a0\u00a0\u00a0\u00a0\u00a0 Quintana Roo<\/p>\n<p>&nbsp;<\/p>\n<p><b>Categor\u00eda Grandes<\/b><\/p>\n<p>Primer lugar \u00a0\u00a0\u00a0\u00a0\u00a0 Leslie Ayar Hern\u00e1ndez Ju\u00e1rez \u00a0\u00a0\u00a0\u00a0\u00a0\u00a0\u00a0\u00a0\u00a0\u00a0\u00a0\u00a0\u00a0\u00a0\u00a0\u00a0\u00a0 Hidalgo<\/p>\n<p>Segundo lugar Oralia Antonia Canch\u00e9 G\u00f3mez \u00a0\u00a0\u00a0\u00a0\u00a0\u00a0\u00a0\u00a0\u00a0\u00a0\u00a0\u00a0\u00a0\u00a0\u00a0\u00a0 Quintana Roo<\/p>\n<p>Tercer lugar\u00a0\u00a0\u00a0\u00a0\u00a0\u00a0 Yessica Sherlyn Camarillo Navarro\u00a0\u00a0\u00a0\u00a0\u00a0\u00a0\u00a0\u00a0\u00a0\u00a0 San Luis Potos\u00ed<b><\/b><\/p>\n<p>&nbsp;<\/p>\n<p>Cabe recordar que en junio pasado se abri\u00f3 la convocatoria para que a trav\u00e9s del arte y de la investigaci\u00f3n, las ni\u00f1as y ni\u00f1os tomen conciencia de la importancia que los recursos forestales tienen en su vida cotidiana y de los beneficios que estos brindan a sus comunidades.<\/p>\n<p>&nbsp;<\/p>\n<p>En la primera etapa o etapa estatal, cada entidad dictamin\u00f3 un ganador, as\u00ed como menciones honor\u00edficas. Los ni\u00f1os y ni\u00f1as ganadoras estatales se premiaron con\u00a0 3,000 pesos y un diploma.<\/p>\n<p>&nbsp;<\/p>\n<p>&nbsp;<\/p>\n<p align=\"center\"><b>GANADORES ESTATALES<\/b><\/p>\n<p align=\"center\"><b>\u00a0<\/b><\/p>\n<table width=\"633\" border=\"0\" cellspacing=\"0\" cellpadding=\"0\">\n<tbody>\n<tr>\n<td width=\"132\">\n<p align=\"center\"><b>Estado<\/b><\/p>\n<\/td>\n<td width=\"249\">\n<p align=\"center\"><b>Peque\u00f1os<\/b><\/p>\n<\/td>\n<td width=\"252\">\n<p align=\"center\"><b>Grandes<\/b><\/p>\n<\/td>\n<\/tr>\n<tr>\n<td nowrap=\"nowrap\" width=\"132\">Aguascalientes<\/td>\n<td valign=\"bottom\" nowrap=\"nowrap\" width=\"249\">Jimena Monserrat Flores Rosales<\/td>\n<td valign=\"bottom\" nowrap=\"nowrap\" width=\"252\">Sara Paola Ballesteros Ramos<\/td>\n<\/tr>\n<tr>\n<td nowrap=\"nowrap\" width=\"132\">Baja California<\/td>\n<td valign=\"bottom\" nowrap=\"nowrap\" width=\"249\">Gisel Emylu L\u00f3pez Rodr\u00edguez<\/td>\n<td valign=\"bottom\" nowrap=\"nowrap\" width=\"252\">Rodrigo Gael Rodr\u00edguez Z\u00fa\u00f1iga<\/td>\n<\/tr>\n<tr>\n<td nowrap=\"nowrap\" width=\"132\">Baja California Sur<\/td>\n<td valign=\"bottom\" nowrap=\"nowrap\" width=\"249\">Yaretzi Moncayo Ledezma<\/td>\n<td valign=\"bottom\" nowrap=\"nowrap\" width=\"252\">Violeta Karime Pe\u00f1a Alonso<\/td>\n<\/tr>\n<tr>\n<td nowrap=\"nowrap\" width=\"132\">Campeche<\/td>\n<td valign=\"bottom\" nowrap=\"nowrap\" width=\"249\">Noem\u00ed Sof\u00eda Cahuich Quintana<\/td>\n<td valign=\"bottom\" nowrap=\"nowrap\" width=\"252\">Maria Candelaria Sol\u00f3rzano \u00c1lvarez<\/td>\n<\/tr>\n<tr>\n<td nowrap=\"nowrap\" width=\"132\">Chiapas<\/td>\n<td valign=\"bottom\" nowrap=\"nowrap\" width=\"249\">El\u00edas Armando Jim\u00e9nez Castro<\/td>\n<td valign=\"bottom\" nowrap=\"nowrap\" width=\"252\">Ana Paola Le\u00f3n Carrillo<\/td>\n<\/tr>\n<tr>\n<td nowrap=\"nowrap\" width=\"132\">Chihuahua<\/td>\n<td valign=\"bottom\" nowrap=\"nowrap\" width=\"249\">Luis Eduardo M\u00e1rquez P\u00e9rez<\/td>\n<td valign=\"bottom\" nowrap=\"nowrap\" width=\"252\">Jimena Arce D\u00edaz<\/td>\n<\/tr>\n<tr>\n<td nowrap=\"nowrap\" width=\"132\">Coahuila<\/td>\n<td valign=\"bottom\" nowrap=\"nowrap\" width=\"249\">Marcelo Javier Trevi\u00f1o Garza<\/td>\n<td valign=\"bottom\" nowrap=\"nowrap\" width=\"252\">Mariano Emilio T\u00e9llez Quiroga<\/td>\n<\/tr>\n<tr>\n<td nowrap=\"nowrap\" width=\"132\">Colima<\/td>\n<td valign=\"bottom\" nowrap=\"nowrap\" width=\"249\">Daniela Yamileth Sandoval L\u00f3pez<\/td>\n<td valign=\"bottom\" nowrap=\"nowrap\" width=\"252\">\u00c1ngel Ad\u00e1n Urzua Gallardo<\/td>\n<\/tr>\n<tr>\n<td nowrap=\"nowrap\" width=\"132\">Distrito Federal<\/td>\n<td valign=\"bottom\" nowrap=\"nowrap\" width=\"249\">Evan Andr\u00e9s Guerra Ram\u00edrez<\/td>\n<td valign=\"bottom\" nowrap=\"nowrap\" width=\"252\">Sandra Daniela Constantino G\u00f3mez<\/td>\n<\/tr>\n<tr>\n<td nowrap=\"nowrap\" width=\"132\">Durango<\/td>\n<td valign=\"bottom\" nowrap=\"nowrap\" width=\"249\">Brenda Mariel Cabrera Rodr\u00edguez<\/td>\n<td valign=\"bottom\" nowrap=\"nowrap\" width=\"252\">Rib\u00ed Vazquez Sandoval<\/td>\n<\/tr>\n<tr>\n<td nowrap=\"nowrap\" width=\"132\">Estado de M\u00e9xico<\/td>\n<td valign=\"bottom\" nowrap=\"nowrap\" width=\"249\">Zhara Sofhia Meneses Monroy<\/td>\n<td valign=\"bottom\" nowrap=\"nowrap\" width=\"252\">Carlos Jes\u00fas P\u00e9rez Blanco<\/td>\n<\/tr>\n<tr>\n<td nowrap=\"nowrap\" width=\"132\">Guanajuato<\/td>\n<td valign=\"bottom\" nowrap=\"nowrap\" width=\"249\">Luis Enrique Osorio L\u00f3pez<\/td>\n<td valign=\"bottom\" nowrap=\"nowrap\" width=\"252\">Carmen Mar\u00eda Tetu\u00e1n Soto<\/td>\n<\/tr>\n<tr>\n<td nowrap=\"nowrap\" width=\"132\">Guerrero<\/td>\n<td valign=\"bottom\" nowrap=\"nowrap\" width=\"249\">Jimena Adame Vidales<\/td>\n<td valign=\"bottom\" nowrap=\"nowrap\" width=\"252\">Magda Paola Ram\u00edrez Esparza<\/td>\n<\/tr>\n<tr>\n<td nowrap=\"nowrap\" width=\"132\">Hidalgo<\/td>\n<td valign=\"bottom\" nowrap=\"nowrap\" width=\"249\">Iker Emmanuel Fern\u00e1ndez Perusquia<\/td>\n<td valign=\"bottom\" nowrap=\"nowrap\" width=\"252\">Kenia Karen Gonz\u00e1lez P\u00e9rez<\/td>\n<\/tr>\n<tr>\n<td nowrap=\"nowrap\" width=\"132\">Jalisco<\/td>\n<td valign=\"bottom\" nowrap=\"nowrap\" width=\"249\">Johan Eduardo Mu\u00f1oz Rodr\u00edguez<\/td>\n<td valign=\"bottom\" nowrap=\"nowrap\" width=\"252\">Monserrat Mart\u00edn Mu\u00f1oz<\/td>\n<\/tr>\n<tr>\n<td nowrap=\"nowrap\" width=\"132\">Michoac\u00e1n<\/td>\n<td valign=\"bottom\" nowrap=\"nowrap\" width=\"249\">Valera Jaurez Girarte<\/td>\n<td valign=\"bottom\" nowrap=\"nowrap\" width=\"252\">Luis Gabriel Rodr\u00edguez Mora<\/td>\n<\/tr>\n<tr>\n<td nowrap=\"nowrap\" width=\"132\">Morelos<\/td>\n<td valign=\"bottom\" nowrap=\"nowrap\" width=\"249\">Santiago Ibrahim Vique Sol\u00f3rzano<\/td>\n<td valign=\"bottom\" nowrap=\"nowrap\" width=\"252\">Alexander Pliego Garc\u00eda<\/td>\n<\/tr>\n<tr>\n<td nowrap=\"nowrap\" width=\"132\">Nayarit<\/td>\n<td valign=\"bottom\" nowrap=\"nowrap\" width=\"249\">Bernardo Esteban M\u00e9ndez Guerra<\/td>\n<td valign=\"bottom\" nowrap=\"nowrap\" width=\"252\">Job Francisco Alcantar Bernal<\/td>\n<\/tr>\n<tr>\n<td nowrap=\"nowrap\" width=\"132\">Nuevo Le\u00f3n<\/td>\n<td valign=\"bottom\" nowrap=\"nowrap\" width=\"249\">Sayd Davalos Castillo<\/td>\n<td valign=\"bottom\" nowrap=\"nowrap\" width=\"252\">Bruno Mart\u00ednez Arechiga<\/td>\n<\/tr>\n<tr>\n<td nowrap=\"nowrap\" width=\"132\">Oaxaca<\/td>\n<td valign=\"bottom\" nowrap=\"nowrap\" width=\"249\">Renata Garrido Mendoza<\/td>\n<td valign=\"bottom\" nowrap=\"nowrap\" width=\"252\">Gary Vladimir N\u00fa\u00f1ez L\u00f3pez<\/td>\n<\/tr>\n<tr>\n<td nowrap=\"nowrap\" width=\"132\">Puebla<\/td>\n<td valign=\"bottom\" nowrap=\"nowrap\" width=\"249\">Emir\u00e9 Sherychell Varela Rodr\u00edguez<\/td>\n<td valign=\"bottom\" nowrap=\"nowrap\" width=\"252\">Erubiel Ort\u00edz Palafox<\/td>\n<\/tr>\n<tr>\n<td nowrap=\"nowrap\" width=\"132\">Quer\u00e9taro<\/td>\n<td valign=\"bottom\" nowrap=\"nowrap\" width=\"249\">Sthephanie Paulleth Rodea Hern\u00e1ndez<\/td>\n<td valign=\"bottom\" nowrap=\"nowrap\" width=\"252\">Carol Berenice Alf\u00e9rez S\u00e1nchez<\/td>\n<\/tr>\n<tr>\n<td nowrap=\"nowrap\" width=\"132\">Quintana Roo<\/td>\n<td valign=\"bottom\" nowrap=\"nowrap\" width=\"249\">Luna Amaite Medina Martin<\/td>\n<td valign=\"bottom\" nowrap=\"nowrap\" width=\"252\">Yamili Balam Vazquez<\/td>\n<\/tr>\n<tr>\n<td nowrap=\"nowrap\" width=\"132\">San Luis Potos\u00ed<\/td>\n<td valign=\"bottom\" nowrap=\"nowrap\" width=\"249\">Darlene Alejandra Tovar Mart\u00ednez<\/td>\n<td valign=\"bottom\" nowrap=\"nowrap\" width=\"252\">Yessica Sherlyn Camarillo Navarro<\/td>\n<\/tr>\n<tr>\n<td nowrap=\"nowrap\" width=\"132\">Sinaloa<\/td>\n<td valign=\"bottom\" nowrap=\"nowrap\" width=\"249\">Jos\u00e9 Ramses Ram\u00edrez Lung<\/td>\n<td valign=\"bottom\" nowrap=\"nowrap\" width=\"252\">Am\u00e9rica Marlen Ontiveros Medina<\/td>\n<\/tr>\n<tr>\n<td nowrap=\"nowrap\" width=\"132\">Sonora<\/td>\n<td valign=\"bottom\" nowrap=\"nowrap\" width=\"249\">Jes\u00fas Arturo Armenta Ay\u00f3n<\/td>\n<td valign=\"bottom\" nowrap=\"nowrap\" width=\"252\">Juan Pablo Pavlovich Tapia<\/td>\n<\/tr>\n<tr>\n<td nowrap=\"nowrap\" width=\"132\">Tabasco<\/td>\n<td valign=\"bottom\" nowrap=\"nowrap\" width=\"249\">Arturo Jes\u00fas Ram\u00f3n<\/td>\n<td valign=\"bottom\" nowrap=\"nowrap\" width=\"252\">Carmen Desir\u00e9 Ju\u00e1rez Garc\u00eda<\/td>\n<\/tr>\n<tr>\n<td nowrap=\"nowrap\" width=\"132\">Tamaulipas<\/td>\n<td valign=\"bottom\" nowrap=\"nowrap\" width=\"249\">Linda Mariel Ocejo Cabrera<\/td>\n<td valign=\"bottom\" nowrap=\"nowrap\" width=\"252\">Camila Ponce Blanco<\/td>\n<\/tr>\n<tr>\n<td nowrap=\"nowrap\" width=\"132\">Tlaxcala<\/td>\n<td valign=\"bottom\" nowrap=\"nowrap\" width=\"249\">Lucero Guadalupe Hern\u00e1ndez N\u00e1jera<\/td>\n<td valign=\"bottom\" nowrap=\"nowrap\" width=\"252\">Sandy Bautista Calder\u00f3n<\/td>\n<\/tr>\n<tr>\n<td nowrap=\"nowrap\" width=\"132\">Veracruz<\/td>\n<td valign=\"bottom\" nowrap=\"nowrap\" width=\"249\">Valentina L\u00f3pez Gallardo<\/td>\n<td valign=\"bottom\" nowrap=\"nowrap\" width=\"252\">Nadia Gruber Isa\u00edas<\/td>\n<\/tr>\n<tr>\n<td nowrap=\"nowrap\" width=\"132\">Yucat\u00e1n<\/td>\n<td valign=\"bottom\" nowrap=\"nowrap\" width=\"249\">Edith Carolina Couoh Cetina<\/td>\n<td valign=\"bottom\" nowrap=\"nowrap\" width=\"252\">H\u00e9ctor Jes\u00fas Pool Garc\u00eda<\/td>\n<\/tr>\n<tr>\n<td nowrap=\"nowrap\" width=\"132\">Zacatecas<\/td>\n<td valign=\"bottom\" nowrap=\"nowrap\" width=\"249\">Lucia Dahitzel Fern\u00e1ndez L\u00f3pez<\/td>\n<td valign=\"bottom\" nowrap=\"nowrap\" width=\"252\">Marisol Chavez Alvarado<\/td>\n<\/tr>\n<\/tbody>\n<\/table>\n<p>&nbsp;<\/p>\n<p>\u00a1Felicidades y gracias a todos los participantes!<\/p>\n","protected":false},"excerpt":{"rendered":"<p>Desde la creaci\u00f3n del certamen, este 2015 ha sido el a\u00f1o que m\u00e1s trabajos se han recibido a nivel nacional el concurso de dibujo infantil &#8220;Vamos a pintar un \u00e1rbol&#8221; con un total de 30,589 trabajos. De \u00e9stos, <\/p>\n","protected":false},"author":1,"featured_media":0,"comment_status":"open","ping_status":"open","sticky":false,"template":"","format":"standard","meta":{"footnotes":""},"categories":[3],"tags":[],"class_list":["post-18956","post","type-post","status-publish","format-standard","hentry","category-gobierno-del-estado-de-michoacan"],"_links":{"self":[{"href":"https:\/\/radiowebmx.com\/nota\/wp-json\/wp\/v2\/posts\/18956","targetHints":{"allow":["GET"]}}],"collection":[{"href":"https:\/\/radiowebmx.com\/nota\/wp-json\/wp\/v2\/posts"}],"about":[{"href":"https:\/\/radiowebmx.com\/nota\/wp-json\/wp\/v2\/types\/post"}],"author":[{"embeddable":true,"href":"https:\/\/radiowebmx.com\/nota\/wp-json\/wp\/v2\/users\/1"}],"replies":[{"embeddable":true,"href":"https:\/\/radiowebmx.com\/nota\/wp-json\/wp\/v2\/comments?post=18956"}],"version-history":[{"count":1,"href":"https:\/\/radiowebmx.com\/nota\/wp-json\/wp\/v2\/posts\/18956\/revisions"}],"predecessor-version":[{"id":18957,"href":"https:\/\/radiowebmx.com\/nota\/wp-json\/wp\/v2\/posts\/18956\/revisions\/18957"}],"wp:attachment":[{"href":"https:\/\/radiowebmx.com\/nota\/wp-json\/wp\/v2\/media?parent=18956"}],"wp:term":[{"taxonomy":"category","embeddable":true,"href":"https:\/\/radiowebmx.com\/nota\/wp-json\/wp\/v2\/categories?post=18956"},{"taxonomy":"post_tag","embeddable":true,"href":"https:\/\/radiowebmx.com\/nota\/wp-json\/wp\/v2\/tags?post=18956"}],"curies":[{"name":"wp","href":"https:\/\/api.w.org\/{rel}","templated":true}]}}