{"id":18954,"date":"2015-10-22T12:51:05","date_gmt":"2015-10-22T17:51:05","guid":{"rendered":"https:\/\/radiowebmx.com\/nota\/?p=18954"},"modified":"2015-10-22T12:51:05","modified_gmt":"2015-10-22T17:51:05","slug":"llama-segob-a-normalistas-a-respeto-a-derechos-de-terceros","status":"publish","type":"post","link":"https:\/\/radiowebmx.com\/nota\/llama-segob-a-normalistas-a-respeto-a-derechos-de-terceros\/","title":{"rendered":"Llama Segob a normalistas a respeto a derechos de terceros"},"content":{"rendered":"<p>El Gobierno del Estado, a trav\u00e9s del secretario de Gobierno, Adri\u00e1n L\u00f3pez Sol\u00eds hace un llamado a los estudiantes normalistas para que depongan su actitud de apoderarse de veh\u00edculos de transporte de propiedad privada y respeten el derecho de terceros al uso de sus bienes, as\u00ed como el libre tr\u00e1nsito de las personas.<\/p>\n<p>&#8220;Reconocemos y garantizamos el derecho a la libre manifestaci\u00f3n y los exhortamos para que \u00e9ste se realice en el marco del respeto a la ley y los derechos de terceros&#8221;, demand\u00f3 el encargado de la pol\u00edtica interna.<\/p>\n<p>L\u00f3pez Sol\u00eds reiter\u00f3 la disposici\u00f3n al di\u00e1logo para facilitar los entendimientos. En ese mismo sentido afirm\u00f3 que el Ejecutivo estatal ha coadyuvado y seguir\u00e1 impulsando las gestiones necesarias ante las instancias federales para encontrar v\u00edas de soluci\u00f3n, en apego a las leyes en materia educativa que establecen derechos y obligaciones para todos.<\/p>\n<p>Por \u00faltimo afirm\u00f3 que m\u00e1s autoridades estatales\u00a0 refrendan el compromiso para atender la problem\u00e1tica insatisfecha en el alcance de las atribuciones que nos corresponden, en un ambiente de di\u00e1logo y respeto.<\/p>\n","protected":false},"excerpt":{"rendered":"<p>El Gobierno del Estado, a trav\u00e9s del secretario de Gobierno, Adri\u00e1n L\u00f3pez Sol\u00eds hace un llamado a los estudiantes normalistas para que depongan su actitud de apoderarse de veh\u00edculos de transporte de propiedad privada y respeten el derecho de terceros al uso de sus bienes, <\/p>\n","protected":false},"author":1,"featured_media":0,"comment_status":"open","ping_status":"open","sticky":false,"template":"","format":"standard","meta":{"footnotes":""},"categories":[3],"tags":[],"class_list":["post-18954","post","type-post","status-publish","format-standard","hentry","category-gobierno-del-estado-de-michoacan"],"_links":{"self":[{"href":"https:\/\/radiowebmx.com\/nota\/wp-json\/wp\/v2\/posts\/18954","targetHints":{"allow":["GET"]}}],"collection":[{"href":"https:\/\/radiowebmx.com\/nota\/wp-json\/wp\/v2\/posts"}],"about":[{"href":"https:\/\/radiowebmx.com\/nota\/wp-json\/wp\/v2\/types\/post"}],"author":[{"embeddable":true,"href":"https:\/\/radiowebmx.com\/nota\/wp-json\/wp\/v2\/users\/1"}],"replies":[{"embeddable":true,"href":"https:\/\/radiowebmx.com\/nota\/wp-json\/wp\/v2\/comments?post=18954"}],"version-history":[{"count":1,"href":"https:\/\/radiowebmx.com\/nota\/wp-json\/wp\/v2\/posts\/18954\/revisions"}],"predecessor-version":[{"id":18955,"href":"https:\/\/radiowebmx.com\/nota\/wp-json\/wp\/v2\/posts\/18954\/revisions\/18955"}],"wp:attachment":[{"href":"https:\/\/radiowebmx.com\/nota\/wp-json\/wp\/v2\/media?parent=18954"}],"wp:term":[{"taxonomy":"category","embeddable":true,"href":"https:\/\/radiowebmx.com\/nota\/wp-json\/wp\/v2\/categories?post=18954"},{"taxonomy":"post_tag","embeddable":true,"href":"https:\/\/radiowebmx.com\/nota\/wp-json\/wp\/v2\/tags?post=18954"}],"curies":[{"name":"wp","href":"https:\/\/api.w.org\/{rel}","templated":true}]}}