{"id":18951,"date":"2015-10-22T12:50:26","date_gmt":"2015-10-22T17:50:26","guid":{"rendered":"https:\/\/radiowebmx.com\/nota\/?p=18951"},"modified":"2015-10-22T12:50:26","modified_gmt":"2015-10-22T17:50:26","slug":"tendra-el-valle-de-apatzingan-mas-presupuesto-para-el-campo-silvano-aureoles","status":"publish","type":"post","link":"https:\/\/radiowebmx.com\/nota\/tendra-el-valle-de-apatzingan-mas-presupuesto-para-el-campo-silvano-aureoles\/","title":{"rendered":"Tendr\u00e1 el Valle de Apatzing\u00e1n m\u00e1s presupuesto para el campo: Silvano Aureoles"},"content":{"rendered":"<div>Tras reconocer la unidad con la que han trabajado en los \u00faltimos a\u00f1os los agr\u00f3nomos del Valle de Apatzing\u00e1n, el Gobernador de Michoac\u00e1n, Silvano Aureoles Conejo, invit\u00f3 a los integrantes del sector a seguir trabajando de manera coordinada para aprovechar las bondades del campo michoacano y generar las oportunidades de desarrollo para los habitantes de la regi\u00f3n.<\/div>\n<div><\/div>\n<div>Al reunirse con las asociaciones y la federaci\u00f3n de agr\u00f3nomos de la entidad, el mandatario estatal dio a conocer las metas que se cumplir\u00e1n a favor del campo durante su Gobierno, entre las que destac\u00f3 la tecnificaci\u00f3n de 50 mil hect\u00e1reas de tierras productivas al a\u00f1o, la entrega de mil tractores y la implementaci\u00f3n de un sistema de financiamiento para el otoegamiento de cr\u00e9ditos a la palabra para los trabajadores del campo.<\/div>\n<div><\/div>\n<div>Adem\u00e1s, destac\u00f3 la necesidad de continuar el trabajo unido y coordinado para la generaci\u00f3n de proyectos estrat\u00e9gicos que impliquen la inversi\u00f3n en los procesos de inocuidad y valor agregado para conquistar los mercados mundiales con la variedad de productos agr\u00edcolas que se producen en Michoac\u00e1n.<\/div>\n<div><\/div>\n<div>&#8220;S\u00e9 que las metas son muy ambiciosas, pero si trabajamos todos unidos, los agr\u00f3nomos, la federaci\u00f3n, los legisladores y los campesinos estaremos del otro lado;\u00a0estamos en una coyuntura favorable para el campo y la tenemos que aprovechar&#8221;, enfatiz\u00f3 el titular del Poder Ejecutivo del estado, quien agreg\u00f3 su compromiso por instalar por lo menos una instituci\u00f3n del nivel superior de educaci\u00f3n que forme j\u00f3venes con perfil para generar oportunidades para el campo.<\/div>\n<div><\/div>\n<div>Enfatiz\u00f3 su deseo de regresar a despachar a la Tierra Caliente cada 15 d\u00edas,\u00a0aproximadamente,\u00a0para supervisar de cerca la operaci\u00f3n\u00a0de los\u00a0proyectos.<\/div>\n<div><\/div>\n<div>De esta manera, el Gobernador Silvano Aureoles respondi\u00f3 a las demandas que expresaron los representantes de las diversas agrupaciones de agr\u00f3nomos del Valle de Apatzing\u00e1n, quienes agradecieron al mandatario retomar el tradicional encuentro con el sector que en a\u00f1os anteriores ya no se llevaba a cabo.<\/div>\n<div><\/div>\n<div>En la reuni\u00f3n tambi\u00e9n participaron los titulares de los Poderes Legislativo y Judicial, Raymundo Arreola Ortega y Juan Antonio Maga\u00f1a de la Mora;\u00a0adem\u00e1s del titular de la Secretar\u00eda de Desarrollo Rural y Agroalimentario, Israel Tentory Garc\u00eda y el presidente municipal de Apatzing\u00e1n, C\u00e9sar Ch\u00e1vez Garibay.<\/div>\n","protected":false},"excerpt":{"rendered":"<p>Tras reconocer la unidad con la que han trabajado en los \u00faltimos a\u00f1os los agr\u00f3nomos del Valle de Apatzing\u00e1n, el Gobernador de Michoac\u00e1n, Silvano Aureoles Conejo, <\/p>\n","protected":false},"author":1,"featured_media":18952,"comment_status":"open","ping_status":"open","sticky":false,"template":"","format":"standard","meta":{"footnotes":""},"categories":[14,3],"tags":[],"class_list":["post-18951","post","type-post","status-publish","format-standard","has-post-thumbnail","hentry","category-destacadas","category-gobierno-del-estado-de-michoacan"],"_links":{"self":[{"href":"https:\/\/radiowebmx.com\/nota\/wp-json\/wp\/v2\/posts\/18951","targetHints":{"allow":["GET"]}}],"collection":[{"href":"https:\/\/radiowebmx.com\/nota\/wp-json\/wp\/v2\/posts"}],"about":[{"href":"https:\/\/radiowebmx.com\/nota\/wp-json\/wp\/v2\/types\/post"}],"author":[{"embeddable":true,"href":"https:\/\/radiowebmx.com\/nota\/wp-json\/wp\/v2\/users\/1"}],"replies":[{"embeddable":true,"href":"https:\/\/radiowebmx.com\/nota\/wp-json\/wp\/v2\/comments?post=18951"}],"version-history":[{"count":1,"href":"https:\/\/radiowebmx.com\/nota\/wp-json\/wp\/v2\/posts\/18951\/revisions"}],"predecessor-version":[{"id":18953,"href":"https:\/\/radiowebmx.com\/nota\/wp-json\/wp\/v2\/posts\/18951\/revisions\/18953"}],"wp:featuredmedia":[{"embeddable":true,"href":"https:\/\/radiowebmx.com\/nota\/wp-json\/wp\/v2\/media\/18952"}],"wp:attachment":[{"href":"https:\/\/radiowebmx.com\/nota\/wp-json\/wp\/v2\/media?parent=18951"}],"wp:term":[{"taxonomy":"category","embeddable":true,"href":"https:\/\/radiowebmx.com\/nota\/wp-json\/wp\/v2\/categories?post=18951"},{"taxonomy":"post_tag","embeddable":true,"href":"https:\/\/radiowebmx.com\/nota\/wp-json\/wp\/v2\/tags?post=18951"}],"curies":[{"name":"wp","href":"https:\/\/api.w.org\/{rel}","templated":true}]}}