{"id":18923,"date":"2015-10-21T14:16:41","date_gmt":"2015-10-21T19:16:41","guid":{"rendered":"https:\/\/radiowebmx.com\/nota\/?p=18923"},"modified":"2015-10-21T14:16:41","modified_gmt":"2015-10-21T19:16:41","slug":"continuara-la-regularizacion-de-trabajadores-en-sector-salud-nadie-sera-excluidossm","status":"publish","type":"post","link":"https:\/\/radiowebmx.com\/nota\/continuara-la-regularizacion-de-trabajadores-en-sector-salud-nadie-sera-excluidossm\/","title":{"rendered":"Continuar\u00e1 la regularizaci\u00f3n de trabajadores en sector salud; nadie ser\u00e1 excluido:SSM"},"content":{"rendered":"<p>Tanto el gobierno federal como el estatal trabajan en el proceso de regularizaci\u00f3n de trabajadores del sector salud desde el a\u00f1o 2013. Ha sido un proceso largo, de tal manera que los resultados alcanzados son consecuencia de una suma de acciones en busca de lograr acuerdos que no generen conflictos en el sector, y que cumplan con\u00a0 su objetivo primordial: otorgar certeza laboral a los trabajadores que cobran bajo el esquema de honorarios y que ingresaron a la Secretar\u00eda de Salud antes de agosto de 2013, se\u00f1al\u00f3 Carlos Aranza Doniz, secretario de Salud de Michoac\u00e1n.<\/p>\n<p>El recurso para solventar este proceso se ha ejercido en dos etapas, la primera en 2014 y la segunda este a\u00f1o. Debido a la situaci\u00f3n econ\u00f3mica por la que atraviesa el pa\u00eds y el estado, estos recursos han sido insuficientes para poder regularizar a todos los trabajadores del Sector Salud al mismo tiempo; sin embargo, enfatiz\u00f3 que se sigue trabajando para que todos los que est\u00e1n en el listado de formalizaci\u00f3n laboral presentado en 2013 alcancen este beneficio.<\/p>\n<p>A\u00f1adi\u00f3 \u00a0que en Michoac\u00e1n sepropusieron transparentar el proceso de regularizaci\u00f3n, optando por caminar de la mano con los trabajadores; es decir,\u00a0 consensuando con las representaciones sindicales las listas de los trabajadores susceptibles de ser regularizados en esta segunda etapa; sin embargo, debido a los tiempos que marca la Secretar\u00eda de Hacienda y Cr\u00e9dito P\u00fablico para el ejercicio de los recursos asignados para tal fin, y ante el inminente cierre del a\u00f1o fiscal, en este momento ya no es posible modificar el listado presentadora esta segunda etapa.<\/p>\n<p>&#8220;Quiero mencionar algo muy importante, el deseo del Gobernador Silvano Aureoles Conejo es que este proceso de regularizaci\u00f3n laboral tenga seguimiento, porque una de las mayores aspiraciones de su gobierno es que los michoacanos puedan acceder a mejores niveles de bienestar, lo que explica su compromiso con el sector salud que ha hecho patente durante los \u00faltimos d\u00edas, por ello est\u00e1 decidido a generar las condiciones que permitan a cada ciudadano tener una mejor calidad de vida&#8221;, as\u00ed lo manifest\u00f3 el titular de la dependencia.<\/p>\n<p>Se\u00f1al\u00f3 que el Gobernador Silvano Aureoles Conejo, y quienes colaboran con\u00a0 su gobierno, har\u00e1n esfuerzos extraordinarios para gestionar mayores recursos, y\u00a0 poder continuar con este proceso de regularizaci\u00f3n, lo cual permitir\u00e1 otorgar certeza laboral a los trabajadores del Sector Salud.<\/p>\n<p>Asegur\u00f3 que ning\u00fan trabajador que cumpla con los requerimientos para gozar de este beneficio ser\u00e1 excluido; &#8220;todos aquellos que sean susceptibles de regularizarse ser\u00e1n incluidos&#8221;, subray\u00f3<\/p>\n","protected":false},"excerpt":{"rendered":"<p>Tanto el gobierno federal como el estatal trabajan en el proceso de regularizaci\u00f3n de trabajadores del sector salud desde el a\u00f1o 2013. Ha sido un proceso largo, de tal manera que los resultados alcanzados son consecuencia de una suma de acciones en busca de lograr acuerdos que no generen conflictos en el sector, y que cumplan con  su objetivo primordial: <\/p>\n","protected":false},"author":1,"featured_media":0,"comment_status":"open","ping_status":"open","sticky":false,"template":"","format":"standard","meta":{"footnotes":""},"categories":[3],"tags":[],"class_list":["post-18923","post","type-post","status-publish","format-standard","hentry","category-gobierno-del-estado-de-michoacan"],"_links":{"self":[{"href":"https:\/\/radiowebmx.com\/nota\/wp-json\/wp\/v2\/posts\/18923","targetHints":{"allow":["GET"]}}],"collection":[{"href":"https:\/\/radiowebmx.com\/nota\/wp-json\/wp\/v2\/posts"}],"about":[{"href":"https:\/\/radiowebmx.com\/nota\/wp-json\/wp\/v2\/types\/post"}],"author":[{"embeddable":true,"href":"https:\/\/radiowebmx.com\/nota\/wp-json\/wp\/v2\/users\/1"}],"replies":[{"embeddable":true,"href":"https:\/\/radiowebmx.com\/nota\/wp-json\/wp\/v2\/comments?post=18923"}],"version-history":[{"count":1,"href":"https:\/\/radiowebmx.com\/nota\/wp-json\/wp\/v2\/posts\/18923\/revisions"}],"predecessor-version":[{"id":18924,"href":"https:\/\/radiowebmx.com\/nota\/wp-json\/wp\/v2\/posts\/18923\/revisions\/18924"}],"wp:attachment":[{"href":"https:\/\/radiowebmx.com\/nota\/wp-json\/wp\/v2\/media?parent=18923"}],"wp:term":[{"taxonomy":"category","embeddable":true,"href":"https:\/\/radiowebmx.com\/nota\/wp-json\/wp\/v2\/categories?post=18923"},{"taxonomy":"post_tag","embeddable":true,"href":"https:\/\/radiowebmx.com\/nota\/wp-json\/wp\/v2\/tags?post=18923"}],"curies":[{"name":"wp","href":"https:\/\/api.w.org\/{rel}","templated":true}]}}