{"id":18906,"date":"2015-10-21T14:02:06","date_gmt":"2015-10-21T19:02:06","guid":{"rendered":"https:\/\/radiowebmx.com\/nota\/?p=18906"},"modified":"2015-10-21T14:02:06","modified_gmt":"2015-10-21T19:02:06","slug":"temas-de-cafe-385","status":"publish","type":"post","link":"https:\/\/radiowebmx.com\/nota\/temas-de-cafe-385\/","title":{"rendered":"TEMAS DE CAF\u00c9"},"content":{"rendered":"<ul>\n<li><a href=\"https:\/\/radiowebmx.com\/nota\/wp-content\/uploads\/2013\/06\/temas-de-cafe.jpg\"><img loading=\"lazy\" decoding=\"async\" class=\"alignleft size-full wp-image-2805\" alt=\"temas de cafe\" src=\"https:\/\/radiowebmx.com\/nota\/wp-content\/uploads\/2013\/06\/temas-de-cafe.jpg\" width=\"295\" height=\"171\" \/><\/a>PATZCUARO CONTRA URUAPAN<\/li>\n<li>MAURO RAMON ODIA A CUITZEO<\/li>\n<li>ANTE BLOQUEOS LA LEY: SILVIA<\/li>\n<li>ALFONSO: LIMPIA DE CHILANGOS<\/li>\n<\/ul>\n<p>Tradicionalmente la ruta tur\u00edstica m\u00e1s importante en la entidad, ha sido el eje Morelia-P\u00e1tzcuaro y Uruapan, desde luego en este eje Morelia tiene prioridad por historia, tradici\u00f3n, importancia y por ser la capital del estado, despu\u00e9s segu\u00eda Uruapan, y creemos que a\u00fan sigue, pero esto no podr\u00e1 ser por mucho tiempo, porque las autoridades responsables de promover, el turismo en Uruapan no tienen importancia, contrario a lo que hizo el presidente municipal de P\u00e1tzcuaro V\u00edctor B\u00e1ez, quien se llev\u00f3 a Enrique Rivera quien tiene varias d\u00e9cadas, de experiencia en estos menesteres, ya que ha estado tanto en el \u00e1rea municipal, como en el estatal y desde luego P\u00e1tzcuaro tambi\u00e9n tiene, suficientes atractivos que debidamente explotados, le puede quitar el segundo lugar en materia tur\u00edstica a Uruapan, principalmente por la carencia de suficientes servicios y seguridad, aparte de la enorme cantidad de baches, producto de una deficiente administraci\u00f3n municipal.<\/p>\n<p>PATZCUARO, UN BELLO PUEBLO MAGICO<\/p>\n<p>En la \u00faltima reuni\u00f3n nacional de los pueblos m\u00e1gicos en Puebla, el presidente municipal V\u00edctor B\u00e1ez desempe\u00f1\u00f3 un excelente papel, sustentando recursos para mejorar, desde la presencia hasta la promoci\u00f3n de los atractivos de P\u00e1tzcuaro, desde luego se deben mejorar muchas cosas en la poblaci\u00f3n, escogida por don Vasco de Quiroga, para convertirla en la\u00a0 segunda capital de Michoac\u00e1n, despu\u00e9s de Tzintzuntzan, por eso ah\u00ed se encuentra lo que puede ser, la primera catedral del estado, ya que la primera que estaba en Tzintzuntan y desapareci\u00f3.<\/p>\n<p>P\u00e1tzcuaro es una de las ciudades que ya eran asentamientos, importantes a la llegada de los espa\u00f1oles, la historia se\u00f1ala fue fundada por Curatame en el a\u00f1o mil 300, a\u00f1os m\u00e1s tarde Tari\u00e1curi la convirti\u00f3 en centro ceremonial religioso, \u00a0en el a\u00f1o 1522 a la llegada de los espa\u00f1oles la capital de Michoac\u00e1n fue Tzintzuntzan, y de acuerdo a la tradici\u00f3n fue en P\u00e1tzcuaro, a donde lleg\u00f3 el enviado de Hern\u00e1n Cort\u00e9s, Crist\u00f3bal de Olid y ah\u00ed \u00a0fue sometido el Cazonci, Tangaxo\u00e1n Tzintzicha. O sea por historias y tradici\u00f3n, cultura y gastronom\u00eda, P\u00e1tzcuaro no tiene nada que pedirle a Uruapan, tal vez solamente le hace falta un mercado digno.<\/p>\n<p>MAURO RAMON BALLESTEROS ODIA A CUITZEO<\/p>\n<p>Hay un personaje que nunca ha hecho nada, por el lago de Cuitzeo su preservaci\u00f3n y rehabilitaci\u00f3n, a pesar de que sus padres son originarios de Cuitzeo, desde hace varios a\u00f1os hay un grupo de vecinos de Cuitzeo, que se han preocupado por la imagen del pueblo, como de la conservaci\u00f3n de la laguna de Cuitzeo, y hasta ahora con el respaldo de personajes como Genovevo Figueroa, Ana Compe\u00e1n y Philipe han logrado grandes avances, en la imagen y en el logro de declaraci\u00f3n de Pueblo M\u00e1gico.<\/p>\n<p>Mauro Ram\u00f3n siempre ha estado en dependencias, que tienen que ver con la conservaci\u00f3n del ambiente, actualmente se encuentra como delegado federal en la Semarnat, pero desde ah\u00ed nunca ha hecho nada por la conservaci\u00f3n de la laguna, y tratando de entender, ya que siempre ha estado, reiteramos en dependencias tanto estatales o federales, como responsable de cuestiones relacionadas con el ambiente, nunca ha hecho nada por la laguna.<\/p>\n<p>Tal vez porque los pobladores de Cuitzeo y sus alrededores, nunca lo han apoyado para ser ni presidente municipal y menos, para hacerse cargo de puestos como la coordinaci\u00f3n del Pueblo M\u00e1gico, y es que inicialmente la gente de ese lugar, confiaron en Mauro Ram\u00f3n para apoyarlo para la presidencia municipal y \u00e9l los ha desairado, y cuando ha querido lo han rechazado, como cuando busc\u00f3 ser diputado local, por el distrito sureste de Morelia y l\u00f3gicamente fue derrotado.<\/p>\n<p>AUN PUEDE RECUPERAR ALGO DE LO PERDIDO<\/p>\n<p>Como le comentamos sus padres originarios de Cuitzeo, tiene parentesco con Genovevo Figueroa, quien lo ha apoyado en algunos aspectos, para ocupar determinadas posiciones en las administraciones, pero siguen los problemas para conservar e la lagua de Cuitzeo, o sea que si quiere a\u00fan puede hacer mucho, por el lugar de origen de sus padres, porque constantemente se atenta contra la laguna,\u00a0 rest\u00e1ndole espacio, ya que hay muchas personas que han invadido el vaso, de la laguna ser\u00eda bueno recuperarlo.<\/p>\n<p>ANTE\u00a0 BLOQUEOS DE NORMALISTAS, LA LEY: SILVIA<\/p>\n<p>No hay otra soluci\u00f3n, desde luego la Secretaria de Educaci\u00f3n en el Estado, tiene raz\u00f3n, ante los bloqueos de los normalistas, solamente que de aplicar la ley\u00a0 sin adjetivos,\u00a0 sobre todo ante la advertencia del gobernador Silvano Aureoles, cuando dijo que ni un bloqueo m\u00e1s \u00a0se permitir\u00eda en la entidad, y ante el de ayer dijo que ya se proceder\u00e1 contra ellos, y en esta ocasi\u00f3n el Estado a su cargo, no pagar\u00eda\u00a0 fianza alguna como antes.<\/p>\n<p>Si realmente quiere aplicar la reforma educativa en la entidad, Silvano debe actuar con mano firme, contra estos j\u00f3venes que obviamente son apoyados por la CNTE, tampoco quieren la reforma educativa y ante esto el gobernador, ha sido tajante quien viole la ley ser\u00e1 castigado, aparte consigui\u00f3 dos mil\u00a0 plaza para normalistas, s\u00ed pero deber\u00e1n gan\u00e1rselas mediante el respectivo examen, de otra manera dijo ser\u00e1 imposible acceder a una plaza, de esta naturaleza y es mejor que los normalistas crean esto.<\/p>\n<p>EL 80 % DE LOS MICHOACANOS APOYAN ESTA MEDIDA<\/p>\n<p>Est\u00e1 demostrado que el 80 % de los michoacanos, respaldan esta medida de Silvano, en relaci\u00f3n con los normalistas, a quienes se les debe aplicar la ley, porque no son ciudadanos de excepci\u00f3n, no hay, no debe haber por lo tanto delito que cometan, lo deben pagar a esto se le llama Estado de Derecho, y desde luego\u00a0 no es represi\u00f3n, el uso de la fuerza p\u00fablica, para restablecer el orden, violentado por los normalistas ser\u00eda la aplicaci\u00f3n de la ley al caso espec\u00edfico.<\/p>\n<p>RECONOCIMIENTO PARA EL TJAM Y SERGIO FLORES<\/p>\n<p>El magistrado Sergio Flores Navarro, recibi\u00f3 de manos del presidente de la Suprema Corte de Justicia de la Naci\u00f3n, Luis Mar\u00eda Aguilar y de los\u00a0 ministros Margarita Luna Ramos, Jorge Mario Pardo y Alfredo Ortiz Mena, en el auditorio de Durango, el reconocimiento al TJAM por la elaboraci\u00f3n, de de la sentencia en la categor\u00eda: Acceso a la Justicia y Derechos Humanos.<\/p>\n<p>Al considerar que es una resoluci\u00f3n importante y novedosa, en la forma de abordar el caso planteado, con nivel propositivo, calidad en la argumentaci\u00f3n jur\u00eddica, en materia de derechos fundamentales, y \u00e9l es el autor del proyecto de la resoluci\u00f3n ganadora. Es el segundo reconocimiento a este Tribunal en sus 8 a\u00f1os de vida, y las dos sentencias ganadoras, han sido del magistrado Sergio Flores Navarro, quien se ha alejado totalmente de la pol\u00edtica, para centrar se actuar en cuestiones jur\u00eddicas.<\/p>\n<p>PRD Y PRI: M\u00c1S DIALOGO Y EL PAN, APLICAR LA LEY<\/p>\n<p>Este problema de los normalistas involucra, a toda la sociedad a todos los partidos pol\u00edticos, por eso es necesario tomarlos en cuenta, tal vez hacer una refer\u00e9ndum o un plebiscito, para preguntar a la gente, qu\u00e9 hacer con este caso, normalistas y magisterio democr\u00e1tico, por el momento ya le comentamos que en encuestas, el 80 por ciento apoya a Silvano, en la aplicaci\u00f3n de la ley.<\/p>\n<p>Pero\u00a0 el PRD\u00a0 a trav\u00e9s de su dirigente, Carlos Torres Pi\u00f1a como el dirigente estatal del PRI, Agust\u00edn Trujillo, le pidieron al mandatario estatal, restablecer el di\u00e1logo con los normalistas, como si con ellos se pudiera dialogar. Mientras que\u00a0 el PAN a trav\u00e9s de su dirigente, reci\u00e9n designado, en sustituci\u00f3n de Miguel Angel Ch\u00e1vez, que se fue de enlace legislativo al congreso federal, exige la aplicaci\u00f3n de la ley, ante las violaciones constantes de los normalistas.<\/p>\n<p>COORDINADORES EN EL CONGRESO, MADUROS Y SENSATOS<\/p>\n<p>Carlos Quintana coordinado de la bancada del PAN, en el Congreso afirm\u00f3 que considera necesario, otorgar al gobernador del estado, el beneficio de la duda, al inicio de su administraci\u00f3n, por lo tanto lo apoyar\u00e1n al inicio de su administraci\u00f3n, porque no quieren ser llamados opositores mec\u00e1nicos, llegar\u00e1 el d\u00eda en que puntualmente, le llamen al orden si no cumple con su responsabilidad, de llevar al estado a mejores niveles de vida.<\/p>\n<p>En general\u00a0 consideramos hay madurez en los coordinadores, Adriana Hern\u00e1ndez del\u00a0 PRI, Pascual Sigala en el PRD y Ernesto N\u00fa\u00f1ez en el Verde y Carlos Quintana en el PAN. Reiteramos el bono de simpat\u00eda se mantiene tanto en los partidos, como en la ciudadan\u00eda para el gobernador.<\/p>\n","protected":false},"excerpt":{"rendered":"<p>\u2022\tPATZCUARO CONTRA URUAPAN<br \/>\n\u2022\tMAURO RAMON ODIA A CUITZEO<br \/>\n\u2022\tANTE BLOQUEOS LA LEY: SILVIA<br \/>\n\u2022\tALFONSO: LIMPIA DE CHILANGOS<\/p>\n","protected":false},"author":1,"featured_media":0,"comment_status":"open","ping_status":"open","sticky":false,"template":"","format":"standard","meta":{"footnotes":""},"categories":[4,14,10],"tags":[],"class_list":["post-18906","post","type-post","status-publish","format-standard","hentry","category-columnistas","category-destacadas","category-juan-manuel-belmonte"],"_links":{"self":[{"href":"https:\/\/radiowebmx.com\/nota\/wp-json\/wp\/v2\/posts\/18906","targetHints":{"allow":["GET"]}}],"collection":[{"href":"https:\/\/radiowebmx.com\/nota\/wp-json\/wp\/v2\/posts"}],"about":[{"href":"https:\/\/radiowebmx.com\/nota\/wp-json\/wp\/v2\/types\/post"}],"author":[{"embeddable":true,"href":"https:\/\/radiowebmx.com\/nota\/wp-json\/wp\/v2\/users\/1"}],"replies":[{"embeddable":true,"href":"https:\/\/radiowebmx.com\/nota\/wp-json\/wp\/v2\/comments?post=18906"}],"version-history":[{"count":1,"href":"https:\/\/radiowebmx.com\/nota\/wp-json\/wp\/v2\/posts\/18906\/revisions"}],"predecessor-version":[{"id":18907,"href":"https:\/\/radiowebmx.com\/nota\/wp-json\/wp\/v2\/posts\/18906\/revisions\/18907"}],"wp:attachment":[{"href":"https:\/\/radiowebmx.com\/nota\/wp-json\/wp\/v2\/media?parent=18906"}],"wp:term":[{"taxonomy":"category","embeddable":true,"href":"https:\/\/radiowebmx.com\/nota\/wp-json\/wp\/v2\/categories?post=18906"},{"taxonomy":"post_tag","embeddable":true,"href":"https:\/\/radiowebmx.com\/nota\/wp-json\/wp\/v2\/tags?post=18906"}],"curies":[{"name":"wp","href":"https:\/\/api.w.org\/{rel}","templated":true}]}}