{"id":18899,"date":"2015-10-21T13:57:37","date_gmt":"2015-10-21T18:57:37","guid":{"rendered":"https:\/\/radiowebmx.com\/nota\/?p=18899"},"modified":"2015-10-21T13:57:37","modified_gmt":"2015-10-21T18:57:37","slug":"ese-miercoles-unidad-movil-del-dif-visitara-la-colonia-trincheras","status":"publish","type":"post","link":"https:\/\/radiowebmx.com\/nota\/ese-miercoles-unidad-movil-del-dif-visitara-la-colonia-trincheras\/","title":{"rendered":"Ese mi\u00e9rcoles, unidad m\u00f3vil del DIF visitar\u00e1 la colonia Trincheras"},"content":{"rendered":"<p>El Ayuntamiento de Morelia a trav\u00e9s del DIF Municipal y la Secretar\u00eda de Desarrollo Social continuar\u00e1n con las acciones de prevenci\u00f3n en contra del c\u00e1ncer de mama, por lo que el d\u00eda de ma\u00f1ana mi\u00e9rcoles 21 de octubre, la unidad m\u00f3vil con el mast\u00f3grafo visitar\u00e1n la colonia Trincheras para brindar el estudio de manera gratuita a las mujeres mayores de 40 a\u00f1os.<\/p>\n<p>La unidad m\u00f3vil estar\u00e1 en el Centro Comunitario de Trincheras, el cual est\u00e1 ubicado en la calle Venezuela No. 75, entre las calles Lerdo de Tejada y Argentina, el horario de atenci\u00f3n ser\u00e1 de 09:00 a 16:00 horas.<\/p>\n<p>Es de precisar que estas acciones\u00a0 se realizan en el marco del programa Toca tu Vida, el cual a decir del Presidente Municipal, Alfonso Mart\u00ednez Alc\u00e1zar estar\u00e1 de manera permanente en el municipio, esto con la finalidad de fortalecer las acciones preventivas que su Gobierno realiza para combatir esta enfermedad que a\u00f1o con a\u00f1o cobra la vida de miles de mujeres.<\/p>\n<p>En este tenor la Presidenta Honoraria del DIF Morelia, Paola Delgadillo de Mart\u00ednez hizo una invitaci\u00f3n para que las mujeres aprovechen esta oportunidad que brinda el Ayuntamiento de Morelia.<\/p>\n<p>Cabe mencionar que para la actual Administraci\u00f3n es de vital importancia cuidar la salud de los habitantes de esta ciudad, por lo que estas jornadas seguir\u00e1n realiz\u00e1ndose en las 12 tenencias del municipio y en las colonias de Morelia.<\/p>\n<p>Hasta el momento, la jornada itinerante ha atendido a decenas de mujeres en la Tenencias de Tiripet\u00edo y Capula, as\u00ed como en las colonias Ampliaci\u00f3n Gertrudis S\u00e1nchez, Presa de los Reyes y\u00a0 Loma Colorada.<\/p>\n","protected":false},"excerpt":{"rendered":"<p>El Ayuntamiento de Morelia a trav\u00e9s del DIF Municipal y la Secretar\u00eda de Desarrollo Social continuar\u00e1n con las acciones de prevenci\u00f3n en contra del c\u00e1ncer de mama, por lo que el d\u00eda de ma\u00f1ana mi\u00e9rcoles 21 de octubre,<\/p>\n","protected":false},"author":1,"featured_media":18900,"comment_status":"open","ping_status":"open","sticky":false,"template":"","format":"standard","meta":{"footnotes":""},"categories":[14,9],"tags":[],"class_list":["post-18899","post","type-post","status-publish","format-standard","has-post-thumbnail","hentry","category-destacadas","category-morelia"],"_links":{"self":[{"href":"https:\/\/radiowebmx.com\/nota\/wp-json\/wp\/v2\/posts\/18899","targetHints":{"allow":["GET"]}}],"collection":[{"href":"https:\/\/radiowebmx.com\/nota\/wp-json\/wp\/v2\/posts"}],"about":[{"href":"https:\/\/radiowebmx.com\/nota\/wp-json\/wp\/v2\/types\/post"}],"author":[{"embeddable":true,"href":"https:\/\/radiowebmx.com\/nota\/wp-json\/wp\/v2\/users\/1"}],"replies":[{"embeddable":true,"href":"https:\/\/radiowebmx.com\/nota\/wp-json\/wp\/v2\/comments?post=18899"}],"version-history":[{"count":1,"href":"https:\/\/radiowebmx.com\/nota\/wp-json\/wp\/v2\/posts\/18899\/revisions"}],"predecessor-version":[{"id":18901,"href":"https:\/\/radiowebmx.com\/nota\/wp-json\/wp\/v2\/posts\/18899\/revisions\/18901"}],"wp:featuredmedia":[{"embeddable":true,"href":"https:\/\/radiowebmx.com\/nota\/wp-json\/wp\/v2\/media\/18900"}],"wp:attachment":[{"href":"https:\/\/radiowebmx.com\/nota\/wp-json\/wp\/v2\/media?parent=18899"}],"wp:term":[{"taxonomy":"category","embeddable":true,"href":"https:\/\/radiowebmx.com\/nota\/wp-json\/wp\/v2\/categories?post=18899"},{"taxonomy":"post_tag","embeddable":true,"href":"https:\/\/radiowebmx.com\/nota\/wp-json\/wp\/v2\/tags?post=18899"}],"curies":[{"name":"wp","href":"https:\/\/api.w.org\/{rel}","templated":true}]}}