{"id":18896,"date":"2015-10-21T13:54:45","date_gmt":"2015-10-21T18:54:45","guid":{"rendered":"https:\/\/radiowebmx.com\/nota\/?p=18896"},"modified":"2015-10-21T13:54:45","modified_gmt":"2015-10-21T18:54:45","slug":"fortalece-icatmi-servicios-de-capacitacion-en-zamora","status":"publish","type":"post","link":"https:\/\/radiowebmx.com\/nota\/fortalece-icatmi-servicios-de-capacitacion-en-zamora\/","title":{"rendered":"Fortalece Icatmi servicios de capacitaci\u00f3n en Zamora"},"content":{"rendered":"<p>En cumplimiento a la instrucci\u00f3n del Gobernador Silvano Aureoles Conejo, de fortalecer la capacitaci\u00f3n para y en el trabajo en los municipios e instituciones del estado, el director general del Instituto de Capacitaci\u00f3n para el Trabajo de Michoac\u00e1n (Icatmi), Juan Carlos Barrag\u00e1n V\u00e9lez, firm\u00f3 convenio de colaboraci\u00f3n con el Ayuntamiento de Zamora, encabezado por el edil Jos\u00e9 Carlos Lugo God\u00ednez.<\/p>\n<p>Con este acuerdo y como una primera etapa, se impartir\u00e1n 22 cursos en los Centros de Desarrollo Comunitario (Cedeco), para acreditar a un estimado de 220 ciudadanos en diferentes talleres como Manualidades, Estilismo, Bienestar personal, Corte y confecci\u00f3n industrial de ropa, Industrializaci\u00f3n de alimentos e Inform\u00e1tica.<\/p>\n<p>Tambi\u00e9n, se contempla la certificaci\u00f3n de los instructores que impartan los cursos en los Cedecos.<\/p>\n<p>Juan Carlos Barrag\u00e1n aprovech\u00f3 para hacer un recorrido por las instalaciones del plantel en donde se imparten los diferentes talleres de capacitaci\u00f3n y convivi\u00f3 con el personal de educaci\u00f3n y administraci\u00f3n para conocer sus logros y necesidades, siguiendo la encomienda del mandatario estatal, Silvano Aureoles, de mejorar la calidad de los servicios educativos en favor de las y los michoacanos.<\/p>\n","protected":false},"excerpt":{"rendered":"<p>En cumplimiento a la instrucci\u00f3n del Gobernador Silvano Aureoles Conejo, de fortalecer la capacitaci\u00f3n para y en el trabajo en los municipios e instituciones del estado, el director general del Icatmi, Juan Carlos Barrag\u00e1n V\u00e9lez, firm\u00f3 convenio de colaboraci\u00f3n con el Ayuntamiento de Zamora,<\/p>\n","protected":false},"author":1,"featured_media":18897,"comment_status":"open","ping_status":"open","sticky":false,"template":"","format":"standard","meta":{"footnotes":""},"categories":[14,3],"tags":[],"class_list":["post-18896","post","type-post","status-publish","format-standard","has-post-thumbnail","hentry","category-destacadas","category-gobierno-del-estado-de-michoacan"],"_links":{"self":[{"href":"https:\/\/radiowebmx.com\/nota\/wp-json\/wp\/v2\/posts\/18896","targetHints":{"allow":["GET"]}}],"collection":[{"href":"https:\/\/radiowebmx.com\/nota\/wp-json\/wp\/v2\/posts"}],"about":[{"href":"https:\/\/radiowebmx.com\/nota\/wp-json\/wp\/v2\/types\/post"}],"author":[{"embeddable":true,"href":"https:\/\/radiowebmx.com\/nota\/wp-json\/wp\/v2\/users\/1"}],"replies":[{"embeddable":true,"href":"https:\/\/radiowebmx.com\/nota\/wp-json\/wp\/v2\/comments?post=18896"}],"version-history":[{"count":1,"href":"https:\/\/radiowebmx.com\/nota\/wp-json\/wp\/v2\/posts\/18896\/revisions"}],"predecessor-version":[{"id":18898,"href":"https:\/\/radiowebmx.com\/nota\/wp-json\/wp\/v2\/posts\/18896\/revisions\/18898"}],"wp:featuredmedia":[{"embeddable":true,"href":"https:\/\/radiowebmx.com\/nota\/wp-json\/wp\/v2\/media\/18897"}],"wp:attachment":[{"href":"https:\/\/radiowebmx.com\/nota\/wp-json\/wp\/v2\/media?parent=18896"}],"wp:term":[{"taxonomy":"category","embeddable":true,"href":"https:\/\/radiowebmx.com\/nota\/wp-json\/wp\/v2\/categories?post=18896"},{"taxonomy":"post_tag","embeddable":true,"href":"https:\/\/radiowebmx.com\/nota\/wp-json\/wp\/v2\/tags?post=18896"}],"curies":[{"name":"wp","href":"https:\/\/api.w.org\/{rel}","templated":true}]}}