{"id":18893,"date":"2015-10-21T13:53:06","date_gmt":"2015-10-21T18:53:06","guid":{"rendered":"https:\/\/radiowebmx.com\/nota\/?p=18893"},"modified":"2015-10-21T13:53:06","modified_gmt":"2015-10-21T18:53:06","slug":"celebra-grupo-integracion-del-centro-estatal-de-atencion-oncologica-su-tercer-aniversario-de-fundacion","status":"publish","type":"post","link":"https:\/\/radiowebmx.com\/nota\/celebra-grupo-integracion-del-centro-estatal-de-atencion-oncologica-su-tercer-aniversario-de-fundacion\/","title":{"rendered":"Celebra Grupo Integraci\u00f3n del Centro Estatal de Atenci\u00f3n Oncol\u00f3gica, su tercer aniversario de fundaci\u00f3n"},"content":{"rendered":"<p>Con la intenci\u00f3n de apoyar a las mujeres con c\u00e1ncer de mama, trabajadoras del Centro Estatal de Atenci\u00f3n Oncol\u00f3gica (CEAO) conformaron el Grupo Integraci\u00f3n, el cual cumple tres a\u00f1os de prestar ayuda y orientaci\u00f3n a los familiares de las pacientes.<\/p>\n<p>Durante el evento de aniversario efectuado en las propias instalaciones del CEAO, el subdirector de Servicios de Salud, Lidio Guzm\u00e1n Reyes, hizo un llamado a los asistentes para que tomen conciencia acerca de la prevenci\u00f3n, ya que el c\u00e1ncer de mama afecta cada vez m\u00e1s a la poblaci\u00f3n femenina.<\/p>\n<p>Destac\u00f3 que es importante evitar que el problema se presente, que no llegue a m\u00e1s pacientes, \u201ctodo lo que se hace en este mes en favor de la salud de la mujer, especialmente en la lucha contra el c\u00e1ncer de mama y cervicouterino, deben ser acciones de todos los d\u00edas y ustedes que son pacientes o fueron deben ser las principales portadoras del mensaje preventivo\u201d.<\/p>\n<p>En su oportunidad, el director del Centro Estatal de Atenci\u00f3n Oncol\u00f3gica, Jorge Barajas Echartea, extern\u00f3 que cada vez m\u00e1s es frecuente que un familiar directo, indirecto o alguna conocida, padezca esta desastrosa enfermedad, la cual afecta a la mujer en su etapa m\u00e1s productiva de la vida.<\/p>\n<p>Detall\u00f3 que cuando llega una paciente al CEAO con sospecha de c\u00e1ncer o ya con el estudio confirmatorio, se activa una serie de acciones para su atenci\u00f3n adecuada como: informaci\u00f3n, pre consulta, archivo cl\u00ednico, citas, trabajo social, enfermer\u00eda, radiolog\u00eda, patolog\u00eda, psicolog\u00eda, cirug\u00eda oncol\u00f3gica, anestesiolog\u00eda, oncolog\u00eda m\u00e9dica, radio oncolog\u00eda, \u00e1rea de seguridad radio nuclear, t\u00e9cnicos en radioterapia y radiolog\u00eda, pr\u00f3tesis, medicina interna, cirug\u00eda reconstructiva, \u00e1reas de urgencias, cirug\u00eda general, s\u00f3lo por mencionar algunos.<\/p>\n<p>Todos estos servicios conforman un gran grupo dispuesto a dar su mayor esfuerzo para aliviar la angustia de la enferma con c\u00e1ncer de mama. El crecimiento exponencial de la enfermedad ha complicado el esfuerzo pero no los resultados, cada vez hay m\u00e1s mujeres que se detectan en etapas tempranas y reciben mejores tratamientos en todas sus modalidades con niveles excelentes de calidad en atenci\u00f3n; se\u00f1al\u00f3 Barajas Echartea.<\/p>\n<p>&nbsp;<\/p>\n<p>Antes de concluir, subray\u00f3 que el CEAO est\u00e1 para servir a los pacientes que requieren el apoyo, todos los d\u00edas del a\u00f1o y en todas las formas posibles. Agradeci\u00f3 la confianza de cada uno de los beneficiarios y del Grupo Integraci\u00f3n, ya que su trabajo y dedicaci\u00f3n permite que las personas atendidas se reinserten en sus actividades.<\/p>\n<p>En representaci\u00f3n del Grupo Integraci\u00f3n, Sandra M\u00e1rquez Santana dio a conocer que a lo largo de tres a\u00f1os se han impartido 36 sesiones \u2013una por mes-, contando con el apoyo de 108 ponentes, quienes han dado diversos temas sobre el diagn\u00f3stico, tratamiento, rehabilitaci\u00f3n, asistencia social, apoyo emocional, talleres educativos, culturales, ocupacionales y recreativos, as\u00ed como la instrucci\u00f3n de h\u00e1bitos saludables, contando con el respaldo de mil 504 personas en dichas sesiones.<\/p>\n<p>Abund\u00f3 que se cuenta con un banco de pelucas, del cual se han visto beneficiadas 82 pacientes. \u201cNo nos queda m\u00e1s que agradecer a los compa\u00f1eros para llevar a cabo estas sesiones y a las autoridades del Centro que han hecho posible que sigamos con este trabajo\u201d.<\/p>\n<p>Cabe hacer menci\u00f3n que en el evento se hizo entrega de reconocimientos por su gran labor altruista en beneficio de las pacientes con c\u00e1ncer de mama a cada una de las que conforman el Grupo Integraci\u00f3n.<\/p>\n","protected":false},"excerpt":{"rendered":"<p>Con la intenci\u00f3n de apoyar a las mujeres con c\u00e1ncer de mama, trabajadoras del Centro Estatal de Atenci\u00f3n Oncol\u00f3gica (CEAO) conformaron el Grupo Integraci\u00f3n, el cual cumple tres a\u00f1os de prestar ayuda y orientaci\u00f3n a los familiares de las pacientes.<\/p>\n","protected":false},"author":1,"featured_media":18894,"comment_status":"open","ping_status":"open","sticky":false,"template":"","format":"standard","meta":{"footnotes":""},"categories":[14,3],"tags":[],"class_list":["post-18893","post","type-post","status-publish","format-standard","has-post-thumbnail","hentry","category-destacadas","category-gobierno-del-estado-de-michoacan"],"_links":{"self":[{"href":"https:\/\/radiowebmx.com\/nota\/wp-json\/wp\/v2\/posts\/18893","targetHints":{"allow":["GET"]}}],"collection":[{"href":"https:\/\/radiowebmx.com\/nota\/wp-json\/wp\/v2\/posts"}],"about":[{"href":"https:\/\/radiowebmx.com\/nota\/wp-json\/wp\/v2\/types\/post"}],"author":[{"embeddable":true,"href":"https:\/\/radiowebmx.com\/nota\/wp-json\/wp\/v2\/users\/1"}],"replies":[{"embeddable":true,"href":"https:\/\/radiowebmx.com\/nota\/wp-json\/wp\/v2\/comments?post=18893"}],"version-history":[{"count":1,"href":"https:\/\/radiowebmx.com\/nota\/wp-json\/wp\/v2\/posts\/18893\/revisions"}],"predecessor-version":[{"id":18895,"href":"https:\/\/radiowebmx.com\/nota\/wp-json\/wp\/v2\/posts\/18893\/revisions\/18895"}],"wp:featuredmedia":[{"embeddable":true,"href":"https:\/\/radiowebmx.com\/nota\/wp-json\/wp\/v2\/media\/18894"}],"wp:attachment":[{"href":"https:\/\/radiowebmx.com\/nota\/wp-json\/wp\/v2\/media?parent=18893"}],"wp:term":[{"taxonomy":"category","embeddable":true,"href":"https:\/\/radiowebmx.com\/nota\/wp-json\/wp\/v2\/categories?post=18893"},{"taxonomy":"post_tag","embeddable":true,"href":"https:\/\/radiowebmx.com\/nota\/wp-json\/wp\/v2\/tags?post=18893"}],"curies":[{"name":"wp","href":"https:\/\/api.w.org\/{rel}","templated":true}]}}