{"id":18887,"date":"2015-10-21T13:47:42","date_gmt":"2015-10-21T18:47:42","guid":{"rendered":"https:\/\/radiowebmx.com\/nota\/?p=18887"},"modified":"2015-10-21T13:47:42","modified_gmt":"2015-10-21T18:47:42","slug":"nombran-a-miguel-angel-garcia-director-artistico-de-la-osidem","status":"publish","type":"post","link":"https:\/\/radiowebmx.com\/nota\/nombran-a-miguel-angel-garcia-director-artistico-de-la-osidem\/","title":{"rendered":"Nombran a Miguel \u00c1ngel Garc\u00eda director art\u00edstico de la OSIDEM"},"content":{"rendered":"<p>Con base en las atribuciones que le confiere la Ley, el Gobernador Constitucional de Michoac\u00e1n, Silvano Aureoles Conejo, nombr\u00f3 Director Art\u00edstico de la Orquesta Sinf\u00f3nica de Michoac\u00e1n (OSIDEM), a Miguel \u00c1ngel Garc\u00eda.<\/p>\n<p>En breve ceremonia, el secretario de Cultura del Estado, Salvador Ginori Lozano, en representaci\u00f3n del Gobernador, hizo entrega del nombramiento correspondiente a Miguel \u00c1ngel Garc\u00eda, al tiempo de invitarlo a poner todo su empe\u00f1o en seguir proyectando a la OSIDEM como una de las mejores orquestas del pa\u00eds. Tambi\u00e9n hizo un amplio reconocimiento al maestro Miguel Salm\u00f3n Del Real, por el trabajo realizado durante el tiempo que estuvo al frente del ensamble.<\/p>\n<p>El maestro Miguel \u00c1ngel Garc\u00eda es considerado hoy en d\u00eda como uno de los m\u00fasicos j\u00f3venes m\u00e1s completos en el panorama musical mexicano. Es violinista y recientemente se desempe\u00f1\u00f3 como Concertino de la Orquesta Sinf\u00f3nica de Michoac\u00e1n y de la Orquesta de C\u00e1mara de la Universidad Michoacana, adem\u00e1s de ser integrante del Nueva M\u00fasica D\u00fao.<\/p>\n<p>Como director ha realizado conciertos con orquestas\u00a0 y ensambles mixtos de Morelia y la Rep\u00fablica Mexicana; ha estrenado obras y atendido proyectos de grabaciones en CD de m\u00fasica de autores mexicanos contempor\u00e1neos, siendo reconocido por la cr\u00edtica especializada como uno de los m\u00e1s grandes talentos de la direcci\u00f3n de orquesta en nuestro pa\u00eds.<\/p>\n<p>Originario de Tampico, Tamaulipas,\u00a0 comenz\u00f3 sus estudios musicales a la edad de 6 a\u00f1os en el Taller Infantil \u201cC\u00e9sar Tort\u201d de la Universidad Aut\u00f3noma de Tamaulipas, estudiando viol\u00edn, piano, teor\u00eda musical y direcci\u00f3n de orquesta bajo la gu\u00eda del maestro Juan Jos\u00e9 Maldonado, impartiendo despu\u00e9s la c\u00e1tedra de viol\u00edn en la misma instituci\u00f3n, convirti\u00e9ndose as\u00ed en el maestro m\u00e1s joven que ha tenido dicha universidad en su historia.<\/p>\n<p>Graduado con Menci\u00f3n Honor\u00edfica, obtuvo su t\u00edtulo de Licenciado en M\u00fasica en el \u00c1rea de Viol\u00edn por el Conservatorio de Las Rosas, cursando su carrera bajo la tutela de la doctora Gellya Doubrova.<\/p>\n<p>Ha tomado clases maestras y cursos de perfeccionamiento en viol\u00edn y m\u00fasica de c\u00e1mara con el Cuarteto Latinoamericano, Fine Arts Quartet, Lafayette Quartet, Lark Quartet, Ar\u00f3n Bitr\u00e1n, Erika Dobosiewicz, Agniezka Maclakiewicz, entre otros.<\/p>\n<p>Cabe destacar su labor como docente en las c\u00e1tedras de Viol\u00edn, M\u00fasica de c\u00e1mara e Introducci\u00f3n a la direcci\u00f3n de orquesta en el Conservatorio de Las Rosas, as\u00ed como el haber formado parte del Ensamble de Las Rosas como violinista y director, participando en dos de las grabaciones de dicho ensamble: \u201cMarsias y Apolo, m\u00fasica mexicana del siglo XX\u201d (donde realiz\u00f3 la primera grabaci\u00f3n mundial de la Sonata a D\u00fao de Manuel M. Ponce), y \u201cCentro de Composici\u00f3n Musical Gerhart Muench\u201d, ambas bajo el sello Quindecim.<\/p>\n<p>Es de resaltar su participaci\u00f3n en agosto del 2007 como Director Musical en el estreno mundial del ballet infantil \u201cLaberinto\u201d, con m\u00fasica de Germ\u00e1n Romero y coreograf\u00eda de Erika Torres, dentro del Festival M\u00fasica y Escena, realizado en la sala Miguel Covarrubias del Centro Cultural Universitario de la UNAM.<\/p>\n<p>Entre los m\u00faltiples premios y distinciones que ha recibido, destacan: el Premio de la Audiencia en el Concurso Internacional de J\u00f3venes Artistas California 1997; el 2do. Lugar en el V Concurso Nacional de Viol\u00edn \u201cHermilo Novelo\u201d; la Jaiba de Oro, m\u00e1ximo reconocimiento otorgado a tamaulipecos distinguidos, y siendo la persona m\u00e1s joven en recibirlo durante los m\u00e1s de 40 a\u00f1os en que ha sido otorgada a personalidades de la cultura y la sociedad en Tamaulipas.<\/p>\n<p>El maestro Garc\u00eda cuenta con varias grabaciones, teniendo menci\u00f3n especial su debut como director en disco con obras de Samuel Cedillo (de pr\u00f3xima aparici\u00f3n), y el \u00e1lbum \u201cCompositores Michoacanos: M\u00fasica profana de la Escuela de M\u00fasica Sacra de Morelia\u201d, con el Nueva M\u00fasica D\u00fao.<\/p>\n<p>Cabe se\u00f1alar que la OSIDEM ofrecer\u00e1 pr\u00f3ximamente el Tradicional Concierto de Noche de Muertos, en el que interpretar\u00e1 el R\u00e9quiem de Maurice Durufl\u00e9, el viernes 30 de octubre, en la Catedral de Morelia y el 1 de noviembre en la Bas\u00edlica de P\u00e1tzcuaro, a las 21:00 horas, con entrada libre para el p\u00fablico.<\/p>\n","protected":false},"excerpt":{"rendered":"<p>Con base en las atribuciones que le confiere la Ley, el Gobernador Constitucional de Michoac\u00e1n, Silvano Aureoles Conejo, nombr\u00f3 Director Art\u00edstico de la Orquesta Sinf\u00f3nica de Michoac\u00e1n (OSIDEM), a Miguel \u00c1ngel Garc\u00eda. <\/p>\n","protected":false},"author":1,"featured_media":0,"comment_status":"open","ping_status":"open","sticky":false,"template":"","format":"standard","meta":{"footnotes":""},"categories":[3],"tags":[],"class_list":["post-18887","post","type-post","status-publish","format-standard","hentry","category-gobierno-del-estado-de-michoacan"],"_links":{"self":[{"href":"https:\/\/radiowebmx.com\/nota\/wp-json\/wp\/v2\/posts\/18887","targetHints":{"allow":["GET"]}}],"collection":[{"href":"https:\/\/radiowebmx.com\/nota\/wp-json\/wp\/v2\/posts"}],"about":[{"href":"https:\/\/radiowebmx.com\/nota\/wp-json\/wp\/v2\/types\/post"}],"author":[{"embeddable":true,"href":"https:\/\/radiowebmx.com\/nota\/wp-json\/wp\/v2\/users\/1"}],"replies":[{"embeddable":true,"href":"https:\/\/radiowebmx.com\/nota\/wp-json\/wp\/v2\/comments?post=18887"}],"version-history":[{"count":1,"href":"https:\/\/radiowebmx.com\/nota\/wp-json\/wp\/v2\/posts\/18887\/revisions"}],"predecessor-version":[{"id":18888,"href":"https:\/\/radiowebmx.com\/nota\/wp-json\/wp\/v2\/posts\/18887\/revisions\/18888"}],"wp:attachment":[{"href":"https:\/\/radiowebmx.com\/nota\/wp-json\/wp\/v2\/media?parent=18887"}],"wp:term":[{"taxonomy":"category","embeddable":true,"href":"https:\/\/radiowebmx.com\/nota\/wp-json\/wp\/v2\/categories?post=18887"},{"taxonomy":"post_tag","embeddable":true,"href":"https:\/\/radiowebmx.com\/nota\/wp-json\/wp\/v2\/tags?post=18887"}],"curies":[{"name":"wp","href":"https:\/\/api.w.org\/{rel}","templated":true}]}}