{"id":18879,"date":"2015-10-21T13:41:49","date_gmt":"2015-10-21T18:41:49","guid":{"rendered":"https:\/\/radiowebmx.com\/nota\/?p=18879"},"modified":"2015-10-21T13:41:49","modified_gmt":"2015-10-21T18:41:49","slug":"la-cecufid-sera-sede-de-la-copa-femepar-2015","status":"publish","type":"post","link":"https:\/\/radiowebmx.com\/nota\/la-cecufid-sera-sede-de-la-copa-femepar-2015\/","title":{"rendered":"La Cecufid ser\u00e1 sede de la Copa FEMEPAR 2015"},"content":{"rendered":"<p>Del 29 de octubre al 1 de noviembre de este a\u00f1o, el patin\u00f3dromo de la Comisi\u00f3n Estatal de Cultura F\u00edsica y Deporte (Cecufid), ser\u00e1 sede de la Copa FEMEPAR 2015, que reunir\u00e1 a m\u00e1s de 600 competidores de 22 estados del pa\u00eds en las modalidades de patinaje art\u00edstico, line hockey y carrera en evento, que arrancar\u00e1 la temporada 2016 y en la que participar\u00e1 la selecci\u00f3n mexicana que asistir\u00e1 al Mundial de Patinaje 2015, con sede en China.<\/p>\n<p>Edna Gisel D\u00edaz Acevedo, titular de la Cecufid, junto con Nicol\u00e1s Santib\u00e1\u00f1ez Encarnaci\u00f3n, presidente de la Federaci\u00f3n Mexicana de Patines; as\u00ed como Miguel \u00c1ngel Garc\u00eda Meza, titular del IMDE; Alfonso Romero D\u00edaz, presidente de la Asociaci\u00f3n Michoacana de Patines y de Iv\u00e1n D\u00edaz Villa, entrenador de la selecci\u00f3n michoacana de patines, dieron a conocer los detalles de la competencia de car\u00e1cter nacional considerada como una de las m\u00e1s importantes del patinaje mexicano.<\/p>\n<p>\u201cPara nosotros ser sede de un evento nacional tan significativo representa una gran oportunidad para demostrar que en Michoac\u00e1n se pueden realizar eventos deportivos de gran calidad. El Gobierno del Estado que encabeza Silvano Aureoles Conejo, tiene el compromiso de apoyar todas las manifestaciones deportivas. En la entidad hay calidad en sus atletas y nosotros tenemos el compromiso de apoyar a nuestros deportistas para que logren cumplir su sue\u00f1o\u201d, asegur\u00f3 Edna D\u00edaz.<\/p>\n<p>Por su parte, Iv\u00e1n D\u00edaz Villa, dio a conocer los detalles t\u00e9cnicos de la competencia en la que participar\u00e1n los mejores patinadores de 22 estados del pa\u00eds, con una participaci\u00f3n valorada en m\u00e1s de 600 deportistas que competir\u00e1n en las modalidades de patinaje art\u00edstico, line hockey y carreras.<\/p>\n<p>Detall\u00f3 que la delegaci\u00f3n anfitriona de Michoac\u00e1n la conforman un total de 45 patinadores, incluidos tres nuevos equipos para la modalidad de line hockey.<\/p>\n<p>Las categor\u00edas ser\u00e1n desde: Micro, de 6 a 7 a\u00f1os de edad; Mini, de 8 a 9 a\u00f1os; Infantil Menor, dirigido a ni\u00f1as y ni\u00f1os \u00a0de 10 a 11 a\u00f1os; Infantil Mayor, de 12 a 13 a\u00f1os; Juvenil Menor, de 14-16 a\u00f1os; adem\u00e1s de Juvenil Mayor, de 17 a 19 a\u00f1os. Estar\u00e1 tambi\u00e9n la divisi\u00f3n Mayor, para atletas de 20 a\u00f1os en adelante.<\/p>\n<p>Nicol\u00e1s Santib\u00e1\u00f1ez Encarnaci\u00f3n, presidente de la Federaci\u00f3n Mexicana de Patines, destac\u00f3 el apoyo otorgado por el Gobierno de Michoac\u00e1n para la realizaci\u00f3n de la Copa que servir\u00e1 de fogueo para la selecci\u00f3n mexicana que asistir\u00e1 en noviembre pr\u00f3ximo al Campeonato Mundial de Patines con sede en China.<\/p>\n<p>\u201cQueremos agradecer el apoyo que nos ha otorgado el Gobierno de Michoac\u00e1n para la realizaci\u00f3n de la Copa FEMEPAR, para que este evento se realice en el patin\u00f3dromo de la Cecufid, del que han surgido grandes competidores que no solamente han posicionado muy en alto el nombre de Michoac\u00e1n, sino que adem\u00e1s han logrado en base a su esfuerzo, representar a M\u00e9xico en competencias internacionales\u201d, expres\u00f3 el directivo.<\/p>\n<p>Coment\u00f3 que uno de los seleccionados mexicanos que estar\u00e1n en el pr\u00f3ximo Campeonato Mundial de China es el patinador moreliano Claudio Garc\u00eda Carrillo, quien en la pasada Olimpiada Nacional 2015 con sede en Monterrey, Nuevo Le\u00f3n, conquist\u00f3 cinco medallas de oro, adem\u00e1s de confirmar la participaci\u00f3n de los jaliscienses Mike P\u00e1ez y Jorge Mart\u00ednez, medallistas por M\u00e9xico en los pasados Juegos Panamericanos de Toronto 2015, entre otros seleccionados.<\/p>\n","protected":false},"excerpt":{"rendered":"<p>Del 29 de octubre al 1 de noviembre de este a\u00f1o, el patin\u00f3dromo de la Comisi\u00f3n Estatal de Cultura F\u00edsica y Deporte (Cecufid), ser\u00e1 sede de la Copa FEMEPAR 2015, que reunir\u00e1 a m\u00e1s de 600 competidores de 22 estados del pa\u00eds en las modalidades de patinaje art\u00edstico, line hockey y carrera en evento, que [&hellip;]<\/p>\n","protected":false},"author":1,"featured_media":18880,"comment_status":"open","ping_status":"open","sticky":false,"template":"","format":"standard","meta":{"footnotes":""},"categories":[14,3],"tags":[],"class_list":["post-18879","post","type-post","status-publish","format-standard","has-post-thumbnail","hentry","category-destacadas","category-gobierno-del-estado-de-michoacan"],"_links":{"self":[{"href":"https:\/\/radiowebmx.com\/nota\/wp-json\/wp\/v2\/posts\/18879","targetHints":{"allow":["GET"]}}],"collection":[{"href":"https:\/\/radiowebmx.com\/nota\/wp-json\/wp\/v2\/posts"}],"about":[{"href":"https:\/\/radiowebmx.com\/nota\/wp-json\/wp\/v2\/types\/post"}],"author":[{"embeddable":true,"href":"https:\/\/radiowebmx.com\/nota\/wp-json\/wp\/v2\/users\/1"}],"replies":[{"embeddable":true,"href":"https:\/\/radiowebmx.com\/nota\/wp-json\/wp\/v2\/comments?post=18879"}],"version-history":[{"count":1,"href":"https:\/\/radiowebmx.com\/nota\/wp-json\/wp\/v2\/posts\/18879\/revisions"}],"predecessor-version":[{"id":18881,"href":"https:\/\/radiowebmx.com\/nota\/wp-json\/wp\/v2\/posts\/18879\/revisions\/18881"}],"wp:featuredmedia":[{"embeddable":true,"href":"https:\/\/radiowebmx.com\/nota\/wp-json\/wp\/v2\/media\/18880"}],"wp:attachment":[{"href":"https:\/\/radiowebmx.com\/nota\/wp-json\/wp\/v2\/media?parent=18879"}],"wp:term":[{"taxonomy":"category","embeddable":true,"href":"https:\/\/radiowebmx.com\/nota\/wp-json\/wp\/v2\/categories?post=18879"},{"taxonomy":"post_tag","embeddable":true,"href":"https:\/\/radiowebmx.com\/nota\/wp-json\/wp\/v2\/tags?post=18879"}],"curies":[{"name":"wp","href":"https:\/\/api.w.org\/{rel}","templated":true}]}}