{"id":18875,"date":"2015-10-21T13:35:29","date_gmt":"2015-10-21T18:35:29","guid":{"rendered":"https:\/\/radiowebmx.com\/nota\/?p=18875"},"modified":"2015-10-21T13:36:09","modified_gmt":"2015-10-21T18:36:09","slug":"ayuntamiento-de-morelia-realiza-relevos-institucionales-en-la-direccion-de-seguridad-ciudadana","status":"publish","type":"post","link":"https:\/\/radiowebmx.com\/nota\/ayuntamiento-de-morelia-realiza-relevos-institucionales-en-la-direccion-de-seguridad-ciudadana\/","title":{"rendered":"Ayuntamiento de Morelia realiza relevos institucionales en la Direcci\u00f3n de Seguridad Ciudadana"},"content":{"rendered":"<p>Por instrucciones del Presidente Municipal de Morelia, Alfonso Mart\u00ednez Alc\u00e1zar, la tarde de este martes, el titular de la Coordinaci\u00f3n para la Reforma del Mando \u00danico de la Polic\u00eda de Morelia, Bernardo Mar\u00eda Le\u00f3n Olea, encabez\u00f3 los relevos en distintos mandos dentro de la Direcci\u00f3n de Seguridad Ciudadana de la capital michoacana.<\/p>\n<p>De esta forma, Miguel Gallegos Garc\u00eda recibi\u00f3 el nombramiento como Encargado del Despacho de la Direcci\u00f3n General\u00a0de la polic\u00eda local, cargo que ocupar\u00e1 hasta que se presente la terna al Cabildo de Morelia y el colegiado defina por mayor\u00eda a quien ocupar\u00e1 este puesto; asimismo, Luis Felipe Gonz\u00e1lez Carmona asumi\u00f3 la encargatura de despacho de la Direcci\u00f3n Operativa.<\/p>\n<p>Cabe destacar que Gallegos Garc\u00eda es licenciado en Criminolog\u00eda, tuvo a su cargo el quinto sector -Centro Hist\u00f3rico- \u00a0hasta este d\u00eda, mientras que Gonz\u00e1lez Carmona ostenta el rango de\u00a0Polic\u00eda Primero.<br \/>\nEl Coordinador Bernardo Le\u00f3n Olea,\u00a0 inform\u00f3 que los comandantes que se quedan a cargo de los despachos, se encuentran acreditados por la prueba de Control y Confianza que por ley se les realiza a todos los profesionales de seguridad.<\/p>\n<p>En este sentido, el Ayuntamiento refrenda el compromiso con la seguridad de los morelianos, al transparentar y dar certeza en los procesos que se realicen al interior de la Polic\u00eda de Morelia.<\/p>\n","protected":false},"excerpt":{"rendered":"<p>Por instrucciones del Presidente Municipal de Morelia, AMa, la tarde de este martes, el titular de la Coordinaci\u00f3n para la Reforma del Mando \u00danico de la Polic\u00eda de Morelia, Bernardo Mar\u00eda Le\u00f3n Olea, encabez\u00f3 los relevos en distintos mandos dentro de la Direcci\u00f3n de Seguridad Ciudadana de la capital michoacana.<\/p>\n","protected":false},"author":1,"featured_media":18876,"comment_status":"open","ping_status":"open","sticky":false,"template":"","format":"standard","meta":{"footnotes":""},"categories":[14,9],"tags":[],"class_list":["post-18875","post","type-post","status-publish","format-standard","has-post-thumbnail","hentry","category-destacadas","category-morelia"],"_links":{"self":[{"href":"https:\/\/radiowebmx.com\/nota\/wp-json\/wp\/v2\/posts\/18875","targetHints":{"allow":["GET"]}}],"collection":[{"href":"https:\/\/radiowebmx.com\/nota\/wp-json\/wp\/v2\/posts"}],"about":[{"href":"https:\/\/radiowebmx.com\/nota\/wp-json\/wp\/v2\/types\/post"}],"author":[{"embeddable":true,"href":"https:\/\/radiowebmx.com\/nota\/wp-json\/wp\/v2\/users\/1"}],"replies":[{"embeddable":true,"href":"https:\/\/radiowebmx.com\/nota\/wp-json\/wp\/v2\/comments?post=18875"}],"version-history":[{"count":2,"href":"https:\/\/radiowebmx.com\/nota\/wp-json\/wp\/v2\/posts\/18875\/revisions"}],"predecessor-version":[{"id":18878,"href":"https:\/\/radiowebmx.com\/nota\/wp-json\/wp\/v2\/posts\/18875\/revisions\/18878"}],"wp:featuredmedia":[{"embeddable":true,"href":"https:\/\/radiowebmx.com\/nota\/wp-json\/wp\/v2\/media\/18876"}],"wp:attachment":[{"href":"https:\/\/radiowebmx.com\/nota\/wp-json\/wp\/v2\/media?parent=18875"}],"wp:term":[{"taxonomy":"category","embeddable":true,"href":"https:\/\/radiowebmx.com\/nota\/wp-json\/wp\/v2\/categories?post=18875"},{"taxonomy":"post_tag","embeddable":true,"href":"https:\/\/radiowebmx.com\/nota\/wp-json\/wp\/v2\/tags?post=18875"}],"curies":[{"name":"wp","href":"https:\/\/api.w.org\/{rel}","templated":true}]}}