{"id":18829,"date":"2015-10-20T12:21:14","date_gmt":"2015-10-20T17:21:14","guid":{"rendered":"https:\/\/radiowebmx.com\/nota\/?p=18829"},"modified":"2015-10-20T12:21:14","modified_gmt":"2015-10-20T17:21:14","slug":"gobernador-silvano-aureoles-da-bienvenida-a-participantes-de-la-28-carrera-panamericana-2015","status":"publish","type":"post","link":"https:\/\/radiowebmx.com\/nota\/gobernador-silvano-aureoles-da-bienvenida-a-participantes-de-la-28-carrera-panamericana-2015\/","title":{"rendered":"Gobernador Silvano Aureoles da bienvenida a participantes de la 28 Carrera Panamericana 2015"},"content":{"rendered":"<p><span style=\"color: #232323; font-family: tahoma, verdana, segoe, sans-serif; font-size: large;\">El Gobernador del Estado, Silvano Aureoles Conejo, dio la bienvenida a los 72 veh\u00edculos que participan en la vig\u00e9sima octava edici\u00f3n de la Carrera Panamericana 2015, etapa Michoac\u00e1n.<\/span><\/p>\n<p><span style=\"color: #232323; font-family: tahoma, verdana, segoe, sans-serif; font-size: large;\">A los pilotos y copilotos, adem\u00e1s de personal t\u00e9cnico y comit\u00e9 organizador, el mandatario\u00a0estatal les se\u00f1al\u00f3:\u00a0 &#8220;si\u00e9ntanse como en su casa, si\u00e9ntanse seguros de que los vamos a cuidar muy bien en Michoac\u00e1n&#8221;.<\/span><\/p>\n<p><span style=\"color: #232323; font-family: tahoma, verdana, segoe, sans-serif; font-size: large;\">En este marco, la Fundaci\u00f3n Telmex, representada por Hugo Caballero L\u00f3pez, entreg\u00f3 al Sistema DIF Michoac\u00e1n, encabezado por su directora general Roc\u00edo Beamonte Romero, 15 sillas de ruedas para ni\u00f1os y ni\u00f1as con discapacidad, as\u00ed como pacientes del Hospital Infantil de Morelia &#8220;Eva S\u00e1mano de L\u00f3pez Mateos&#8221;.<\/span><\/p>\n<p><span style=\"color: #232323; font-family: tahoma, verdana, segoe, sans-serif; font-size: large;\">Fueron part\u00edcipes de esta inauguraci\u00f3n, Eduardo Le\u00f3n, director general de la Carrera Panamericana; Juan Carlos Ortiz Arroyo, delegado etapa Michoac\u00e1n de la Carrera; Alfonso Mart\u00ednez Alc\u00e1zar, presidente municipal de Morelia; Frank Le\u00f3n, delegado de la Carrera Panamericana etapa Michoac\u00e1n; Liliana L\u00f3pez Buenrostro, secretaria de Turismo del Estado; Antonio Soto S\u00e1nchez, secretario de Desarrollo Econ\u00f3mico; Edna D\u00edaz Acevedo, titular de la Comisi\u00f3n Estatal de Cultura F\u00edsica y Deporte; Jos\u00e9 Antonio Nieto Uribe, comandante sub inspector de la Polic\u00eda Federal.<\/span><\/p>\n","protected":false},"excerpt":{"rendered":"<p>El Gobernador del Estado, Silvano Aureoles Conejo, dio la bienvenida a los 72 veh\u00edculos que participan en la vig\u00e9sima octava edici\u00f3n de la Carrera Panamericana 2015, etapa Michoac\u00e1n.<\/p>\n","protected":false},"author":1,"featured_media":18830,"comment_status":"open","ping_status":"open","sticky":false,"template":"","format":"standard","meta":{"footnotes":""},"categories":[14,3],"tags":[],"class_list":["post-18829","post","type-post","status-publish","format-standard","has-post-thumbnail","hentry","category-destacadas","category-gobierno-del-estado-de-michoacan"],"_links":{"self":[{"href":"https:\/\/radiowebmx.com\/nota\/wp-json\/wp\/v2\/posts\/18829","targetHints":{"allow":["GET"]}}],"collection":[{"href":"https:\/\/radiowebmx.com\/nota\/wp-json\/wp\/v2\/posts"}],"about":[{"href":"https:\/\/radiowebmx.com\/nota\/wp-json\/wp\/v2\/types\/post"}],"author":[{"embeddable":true,"href":"https:\/\/radiowebmx.com\/nota\/wp-json\/wp\/v2\/users\/1"}],"replies":[{"embeddable":true,"href":"https:\/\/radiowebmx.com\/nota\/wp-json\/wp\/v2\/comments?post=18829"}],"version-history":[{"count":1,"href":"https:\/\/radiowebmx.com\/nota\/wp-json\/wp\/v2\/posts\/18829\/revisions"}],"predecessor-version":[{"id":18831,"href":"https:\/\/radiowebmx.com\/nota\/wp-json\/wp\/v2\/posts\/18829\/revisions\/18831"}],"wp:featuredmedia":[{"embeddable":true,"href":"https:\/\/radiowebmx.com\/nota\/wp-json\/wp\/v2\/media\/18830"}],"wp:attachment":[{"href":"https:\/\/radiowebmx.com\/nota\/wp-json\/wp\/v2\/media?parent=18829"}],"wp:term":[{"taxonomy":"category","embeddable":true,"href":"https:\/\/radiowebmx.com\/nota\/wp-json\/wp\/v2\/categories?post=18829"},{"taxonomy":"post_tag","embeddable":true,"href":"https:\/\/radiowebmx.com\/nota\/wp-json\/wp\/v2\/tags?post=18829"}],"curies":[{"name":"wp","href":"https:\/\/api.w.org\/{rel}","templated":true}]}}