{"id":18826,"date":"2015-10-20T12:19:31","date_gmt":"2015-10-20T17:19:31","guid":{"rendered":"https:\/\/radiowebmx.com\/nota\/?p=18826"},"modified":"2015-10-20T12:19:31","modified_gmt":"2015-10-20T17:19:31","slug":"morelia-esta-lista-para-albergar-eventos-de-talla-internacional-alcalde-alfonso-martinez","status":"publish","type":"post","link":"https:\/\/radiowebmx.com\/nota\/morelia-esta-lista-para-albergar-eventos-de-talla-internacional-alcalde-alfonso-martinez\/","title":{"rendered":"Morelia est\u00e1 lista para albergar eventos de talla internacional: Alcalde Alfonso Mart\u00ednez"},"content":{"rendered":"<p>El Presidente Municipal de Morelia, Alfonso Mart\u00ednez Alc\u00e1zar dio la bienvenida a los pilotos que participaron en la carrera Panamericana 2015, en donde refrend\u00f3 su apoyo total a este tipo de actividades que hacen de la Ciudad de la Cantera Rosa, el escenario perfecto para exhibir eventos de talla internacional.<\/p>\n<p>A su llegada al Primer Cuadro de la ciudad, lugar en el que los esperaban cientos de ciudadanos para tomarse la foto con los cl\u00e1sicos autom\u00f3viles que llamaron la atenci\u00f3n de chicos y grandes, Mart\u00ednez Alc\u00e1zar refiri\u00f3 que se continuar\u00e1 con el objetivo de que la capital de Michoac\u00e1n sea sede de espect\u00e1culos que se puedan disfrutar en familia y que generen derrama econ\u00f3mica mediante el turismo.<\/p>\n<p>El Alcalde, refiri\u00f3 que es por medio de este tipo de acontecimientos que se puede cambiar el rostro del municipio, y que la gente sepa que en Morelia se pueden albergar eventos de alto nivel.<br \/>\nEs importante mencionar que la Carrera Panamericana, que arranc\u00f3 el pasado 16 de octubre, permiti\u00f3 a los comerciantes del Centro de Morelia incrementar sus ventas debido a la gran cantidad de personas que arribaron a la avenida Madero para disfrutar de la exhibici\u00f3n de autom\u00f3viles cl\u00e1sicos \u00a0y deportivos.<br \/>\nEn esta competencia participaron 200 pilotos de 15 pa\u00edses del mundo, quienes el pr\u00f3ximo martes partir\u00e1n del Centro Hist\u00f3rico con rumbo al estado de Guanajuato.<\/p>\n","protected":false},"excerpt":{"rendered":"<p>El Presidente Municipal de Morelia, Alfonso Mart\u00ednez Alc\u00e1zar dio la bienvenida a los pilotos que participaron en la carrera Panamericana 2015, en donde refrend\u00f3 su apoyo total a este tipo de actividades que hacen de la Ciudad de la Cantera Rosa, el escenario perfecto para exhibir eventos de talla internacional.<\/p>\n","protected":false},"author":1,"featured_media":18827,"comment_status":"open","ping_status":"open","sticky":false,"template":"","format":"standard","meta":{"footnotes":""},"categories":[14,9],"tags":[],"class_list":["post-18826","post","type-post","status-publish","format-standard","has-post-thumbnail","hentry","category-destacadas","category-morelia"],"_links":{"self":[{"href":"https:\/\/radiowebmx.com\/nota\/wp-json\/wp\/v2\/posts\/18826","targetHints":{"allow":["GET"]}}],"collection":[{"href":"https:\/\/radiowebmx.com\/nota\/wp-json\/wp\/v2\/posts"}],"about":[{"href":"https:\/\/radiowebmx.com\/nota\/wp-json\/wp\/v2\/types\/post"}],"author":[{"embeddable":true,"href":"https:\/\/radiowebmx.com\/nota\/wp-json\/wp\/v2\/users\/1"}],"replies":[{"embeddable":true,"href":"https:\/\/radiowebmx.com\/nota\/wp-json\/wp\/v2\/comments?post=18826"}],"version-history":[{"count":1,"href":"https:\/\/radiowebmx.com\/nota\/wp-json\/wp\/v2\/posts\/18826\/revisions"}],"predecessor-version":[{"id":18828,"href":"https:\/\/radiowebmx.com\/nota\/wp-json\/wp\/v2\/posts\/18826\/revisions\/18828"}],"wp:featuredmedia":[{"embeddable":true,"href":"https:\/\/radiowebmx.com\/nota\/wp-json\/wp\/v2\/media\/18827"}],"wp:attachment":[{"href":"https:\/\/radiowebmx.com\/nota\/wp-json\/wp\/v2\/media?parent=18826"}],"wp:term":[{"taxonomy":"category","embeddable":true,"href":"https:\/\/radiowebmx.com\/nota\/wp-json\/wp\/v2\/categories?post=18826"},{"taxonomy":"post_tag","embeddable":true,"href":"https:\/\/radiowebmx.com\/nota\/wp-json\/wp\/v2\/tags?post=18826"}],"curies":[{"name":"wp","href":"https:\/\/api.w.org\/{rel}","templated":true}]}}