{"id":18823,"date":"2015-10-20T12:16:40","date_gmt":"2015-10-20T17:16:40","guid":{"rendered":"https:\/\/radiowebmx.com\/nota\/?p=18823"},"modified":"2015-10-20T12:16:40","modified_gmt":"2015-10-20T17:16:40","slug":"aplicara-gobierno-de-michoacan-mil-800-mdp-para-abatir-rezago-en-infraestructura-educativa","status":"publish","type":"post","link":"https:\/\/radiowebmx.com\/nota\/aplicara-gobierno-de-michoacan-mil-800-mdp-para-abatir-rezago-en-infraestructura-educativa\/","title":{"rendered":"Aplicar\u00e1 Gobierno de Michoac\u00e1n mil 800 mdp para abatir rezago en infraestructura educativa"},"content":{"rendered":"<p>Para abatir el rezago en la infraestructura educativa que enfrenta Michoac\u00e1n, a partir de la primera semana de noviembre se invertir\u00e1n en el estado un total de mil 800 millones de pesos, despu\u00e9s de la firma del convenio que hizo este lunes el gobernador de la entidad, Silvano Aureoles Conejo en la reuni\u00f3n de la Conferencia Nacional de Gobernadores (Conago).<\/p>\n<p>El titular del Poder Ejecutivo precis\u00f3, en un mensaje ante los medios de comunicaci\u00f3n, que los recursos comenzar\u00e1n a aplicarse en un total de mil 200 planteles de educaci\u00f3n b\u00e1sica de todo el estado, con la finalidad de que los ni\u00f1os y ni\u00f1as de Michoac\u00e1n reciban su educaci\u00f3n en espacios dignos.<\/p>\n<p>\u201cPara nosotros en Michoac\u00e1n, la prioridades es elevar la calidad de la educaci\u00f3n p\u00fablica, ya que es fundamental para la transformaci\u00f3n del estado, es la clave para sacar a Michoac\u00e1n adelante\u201d enfatiz\u00f3 Silvano Aureoles, quien asegur\u00f3 que con los recursos del convenio firmado en el marco de la Conago, m\u00e1s el presupuesto ordinario se lograr\u00e1n abatir las carencias que tienen el 80 por ciento de los espacios educativos.<\/p>\n<p>De esta manera, el mandatario estatal asegur\u00f3 que con la firma del convenio se logra dar respuesta a una a\u00f1eja demanda de los maestros, alumnos y padres de familia, quienes representan la columna vertebral del sistema educativo en Michoac\u00e1n, por lo que resulta fundamental dotarlos de infraestructura, equipamiento y material escolar.<\/p>\n<p>Adem\u00e1s, como parte de su mensaje, el gobernador michoacano Silvano Aureoles hizo un nuevo llamado a los integrantes del magisterio para que aprovechen las bondades de la evaluaci\u00f3n docente, pues tienen la posibilidad de mejorar sus condiciones laborales y obtener incrementos salariales hasta del 40 por ciento.<\/p>\n","protected":false},"excerpt":{"rendered":"<p>Para abatir el rezago en la infraestructura educativa que enfrenta Michoac\u00e1n, a partir de la primera semana de noviembre se invertir\u00e1n en el estado un total de mil 800 millones de pesos, despu\u00e9s de la firma del convenio que hizo este lunes el gobernador de la entidad, SiAC en la reuni\u00f3n de la Conago.<\/p>\n","protected":false},"author":1,"featured_media":18824,"comment_status":"open","ping_status":"open","sticky":false,"template":"","format":"standard","meta":{"footnotes":""},"categories":[14,3],"tags":[],"class_list":["post-18823","post","type-post","status-publish","format-standard","has-post-thumbnail","hentry","category-destacadas","category-gobierno-del-estado-de-michoacan"],"_links":{"self":[{"href":"https:\/\/radiowebmx.com\/nota\/wp-json\/wp\/v2\/posts\/18823","targetHints":{"allow":["GET"]}}],"collection":[{"href":"https:\/\/radiowebmx.com\/nota\/wp-json\/wp\/v2\/posts"}],"about":[{"href":"https:\/\/radiowebmx.com\/nota\/wp-json\/wp\/v2\/types\/post"}],"author":[{"embeddable":true,"href":"https:\/\/radiowebmx.com\/nota\/wp-json\/wp\/v2\/users\/1"}],"replies":[{"embeddable":true,"href":"https:\/\/radiowebmx.com\/nota\/wp-json\/wp\/v2\/comments?post=18823"}],"version-history":[{"count":1,"href":"https:\/\/radiowebmx.com\/nota\/wp-json\/wp\/v2\/posts\/18823\/revisions"}],"predecessor-version":[{"id":18825,"href":"https:\/\/radiowebmx.com\/nota\/wp-json\/wp\/v2\/posts\/18823\/revisions\/18825"}],"wp:featuredmedia":[{"embeddable":true,"href":"https:\/\/radiowebmx.com\/nota\/wp-json\/wp\/v2\/media\/18824"}],"wp:attachment":[{"href":"https:\/\/radiowebmx.com\/nota\/wp-json\/wp\/v2\/media?parent=18823"}],"wp:term":[{"taxonomy":"category","embeddable":true,"href":"https:\/\/radiowebmx.com\/nota\/wp-json\/wp\/v2\/categories?post=18823"},{"taxonomy":"post_tag","embeddable":true,"href":"https:\/\/radiowebmx.com\/nota\/wp-json\/wp\/v2\/tags?post=18823"}],"curies":[{"name":"wp","href":"https:\/\/api.w.org\/{rel}","templated":true}]}}