{"id":18820,"date":"2015-10-20T12:12:47","date_gmt":"2015-10-20T17:12:47","guid":{"rendered":"https:\/\/radiowebmx.com\/nota\/?p=18820"},"modified":"2015-10-20T12:12:47","modified_gmt":"2015-10-20T17:12:47","slug":"conmemora-ayuntamiento-de-morelia-205-aniversario-de-la-abolicion-de-la-esclavitud","status":"publish","type":"post","link":"https:\/\/radiowebmx.com\/nota\/conmemora-ayuntamiento-de-morelia-205-aniversario-de-la-abolicion-de-la-esclavitud\/","title":{"rendered":"Conmemora Ayuntamiento de Morelia 205 Aniversario de la Abolici\u00f3n de la Esclavitud"},"content":{"rendered":"<p>El mejor homenaje que podemos rendirle a Don Miguel Hidalgo por su decisi\u00f3n de abolir la esclavitud, es tomar conciencia de que somos parte de la soluci\u00f3n, de proscribir de nuestra mente la apat\u00eda y la indiferencia de lo que acontece en nuestro entorno, resalt\u00f3 el Regente del Colegio Primitivo y Nacional de San Nicol\u00e1s de Hidalgo, Aldo Ulises Olmedo Castillo, al fungir como orador oficial del acto conmemorativo al 205 Aniversario de la Abolici\u00f3n de la Esclavitud, celebrado en Palacio Municipal.<\/p>\n<p>Ante el Secretario del Ayuntamiento de Morelia, Jes\u00fas \u00c1valos Plata, el orador del evento record\u00f3 que Miguel Hidalgo y Costilla, promulg\u00f3 en Valladolid hoy Morelia el 19 de octubre de 2010 la abolici\u00f3n de la esclavitud.<\/p>\n<p>\u201cEl acto tiene gran significado para nuestro pa\u00eds porque constituye una base trascendente para fincar las bases de una naci\u00f3n que inicia su modernizaci\u00f3n a partir de la plena libertad de todos sus habitantes\u201d, puntualiz\u00f3.<\/p>\n<p>Asimismo hizo \u00e9nfasis en que el pr\u00f3cer independentista incluy\u00f3 la disoluci\u00f3n del derecho de propiedad sobre las personas que las convert\u00edan en mercanc\u00eda y objeto de aprovechamiento; disposici\u00f3n que configura el verdadero sentido del movimiento armado por la independencia de la Nueva Espa\u00f1a.<\/p>\n<p>Olmedo Castillo, refiri\u00f3 que si bien es necesario tomar en cuenta que\u00a0 la abolici\u00f3n de la esclavitud no fue inmediata y generalizada, debido a que s\u00f3lo se aplic\u00f3 en las zonas de influencia del movimiento insurgente, si fue el detonante para crear conciencia en la poblaci\u00f3n para su liberaci\u00f3n y establecer las bases para la modernizaci\u00f3n de la naciente naci\u00f3n mexicana.<\/p>\n<p>Al acto conmemorativo tambi\u00e9n acudieron la diputada Yarab\u00ed \u00c1vila Gonz\u00e1lez, el teniente coronel de Infanter\u00eda Diplomado del Estado Mayor, Paulo Francisco Ben\u00edtez G\u00f3mez, Salvador Garc\u00eda Espinoza, secretario general de la Universidad Michoacana de San Nicol\u00e1s de Hidalgo, as\u00ed como Erasmo Cadenas Calder\u00f3n, subsecretario de Educaci\u00f3n Media Superior y Superior en el estado.<\/p>\n","protected":false},"excerpt":{"rendered":"<p>El mejor homenaje que podemos rendirle a Don Miguel Hidalgo por su decisi\u00f3n de abolir la esclavitud, es tomar conciencia de que somos parte de la soluci\u00f3n, de proscribir de nuestra mente la apat\u00eda y la indiferencia de lo que acontece en nuestro entorno,<\/p>\n","protected":false},"author":1,"featured_media":18821,"comment_status":"open","ping_status":"open","sticky":false,"template":"","format":"standard","meta":{"footnotes":""},"categories":[14,9],"tags":[],"class_list":["post-18820","post","type-post","status-publish","format-standard","has-post-thumbnail","hentry","category-destacadas","category-morelia"],"_links":{"self":[{"href":"https:\/\/radiowebmx.com\/nota\/wp-json\/wp\/v2\/posts\/18820","targetHints":{"allow":["GET"]}}],"collection":[{"href":"https:\/\/radiowebmx.com\/nota\/wp-json\/wp\/v2\/posts"}],"about":[{"href":"https:\/\/radiowebmx.com\/nota\/wp-json\/wp\/v2\/types\/post"}],"author":[{"embeddable":true,"href":"https:\/\/radiowebmx.com\/nota\/wp-json\/wp\/v2\/users\/1"}],"replies":[{"embeddable":true,"href":"https:\/\/radiowebmx.com\/nota\/wp-json\/wp\/v2\/comments?post=18820"}],"version-history":[{"count":1,"href":"https:\/\/radiowebmx.com\/nota\/wp-json\/wp\/v2\/posts\/18820\/revisions"}],"predecessor-version":[{"id":18822,"href":"https:\/\/radiowebmx.com\/nota\/wp-json\/wp\/v2\/posts\/18820\/revisions\/18822"}],"wp:featuredmedia":[{"embeddable":true,"href":"https:\/\/radiowebmx.com\/nota\/wp-json\/wp\/v2\/media\/18821"}],"wp:attachment":[{"href":"https:\/\/radiowebmx.com\/nota\/wp-json\/wp\/v2\/media?parent=18820"}],"wp:term":[{"taxonomy":"category","embeddable":true,"href":"https:\/\/radiowebmx.com\/nota\/wp-json\/wp\/v2\/categories?post=18820"},{"taxonomy":"post_tag","embeddable":true,"href":"https:\/\/radiowebmx.com\/nota\/wp-json\/wp\/v2\/tags?post=18820"}],"curies":[{"name":"wp","href":"https:\/\/api.w.org\/{rel}","templated":true}]}}