{"id":18817,"date":"2015-10-20T12:00:57","date_gmt":"2015-10-20T17:00:57","guid":{"rendered":"https:\/\/radiowebmx.com\/nota\/?p=18817"},"modified":"2015-10-20T12:00:57","modified_gmt":"2015-10-20T17:00:57","slug":"seguridad-potenciara-el-progreso-y-desarrollo-del-sector-minero","status":"publish","type":"post","link":"https:\/\/radiowebmx.com\/nota\/seguridad-potenciara-el-progreso-y-desarrollo-del-sector-minero\/","title":{"rendered":"Seguridad potenciar\u00e1 el progreso y desarrollo del sector minero"},"content":{"rendered":"<p>Gracias al esquema de seguridad implementado en la zona minera de Michoac\u00e1n, los concesionarios para la extracci\u00f3n de minerales podr\u00e1n operar de manera legal y ordenada, libres de presiones de grupos externos, lo que generar\u00e1 la reactivaci\u00f3n econ\u00f3mica y de\u00a0 empleo de dicho sector, de acuerdo a lo que dio a conocer Antonio Soto S\u00e1nchez, titular de la Secretar\u00eda de Desarrollo Econ\u00f3mico.<\/p>\n<p>&nbsp;<\/p>\n<p>Explic\u00f3 que gracias a la gesti\u00f3n del Gobernador Silvano Aureoles, se logr\u00f3 la coordinaci\u00f3n con el Gobierno Federal para blindar la zona de L\u00e1zaro C\u00e1rdenas, Aquila y Arteaga, estrategia que devolvi\u00f3 la tranquilidad y paz a todos sus habitantes, y por ende al sector empresarial, lo que resulta en un factor determinante para el progreso de Michoac\u00e1n.<\/p>\n<p>&nbsp;<\/p>\n<p>Fue claro al se\u00f1alar que la etapa cr\u00edtica del sector minero qued\u00f3 atr\u00e1s, ya que la actual administraci\u00f3n estatal, trabaja para garantizar la seguridad que genere la percepci\u00f3n de que Michoac\u00e1n es un estado ideal para la inversi\u00f3n, la actividad tur\u00edstica y laboral en un clima de calma.<\/p>\n<p>&nbsp;<\/p>\n<p>Inform\u00f3 que en esta nueva etapa gubernamental, se est\u00e1 elaborando un padr\u00f3n confiable, del cual,\u00a0 solo las empresas que est\u00e9n debidamente inscritas,\u00a0 certificadas y legalizadas por la Secretar\u00eda de Econom\u00eda podr\u00e1n explotar las minas.<\/p>\n<p>&nbsp;<\/p>\n<p>En la regi\u00f3n minera del estado, existe un importante n\u00famero de personas que dependen laboralmente de esta actividad, misma que crecer\u00e1 de manera exponencial a corto, mediano y largo plazo gracias a los proyectos que se aplicar\u00e1n para detonar el desarrollo econ\u00f3mico, en los cuales se contempla la creaci\u00f3n de la infraestructura necesaria para atraer nuevos inversionistas.<\/p>\n","protected":false},"excerpt":{"rendered":"<p>Gracias al esquema de seguridad implementado en la zona minera de Michoac\u00e1n, los concesionarios para la extracci\u00f3n de minerales podr\u00e1n operar de manera legal y ordenada, libres de presiones de grupos externos, lo que generar\u00e1 la reactivaci\u00f3n econ\u00f3mica y de  empleo de dicho sector, <\/p>\n","protected":false},"author":1,"featured_media":18818,"comment_status":"open","ping_status":"open","sticky":false,"template":"","format":"standard","meta":{"footnotes":""},"categories":[14,3],"tags":[],"class_list":["post-18817","post","type-post","status-publish","format-standard","has-post-thumbnail","hentry","category-destacadas","category-gobierno-del-estado-de-michoacan"],"_links":{"self":[{"href":"https:\/\/radiowebmx.com\/nota\/wp-json\/wp\/v2\/posts\/18817","targetHints":{"allow":["GET"]}}],"collection":[{"href":"https:\/\/radiowebmx.com\/nota\/wp-json\/wp\/v2\/posts"}],"about":[{"href":"https:\/\/radiowebmx.com\/nota\/wp-json\/wp\/v2\/types\/post"}],"author":[{"embeddable":true,"href":"https:\/\/radiowebmx.com\/nota\/wp-json\/wp\/v2\/users\/1"}],"replies":[{"embeddable":true,"href":"https:\/\/radiowebmx.com\/nota\/wp-json\/wp\/v2\/comments?post=18817"}],"version-history":[{"count":1,"href":"https:\/\/radiowebmx.com\/nota\/wp-json\/wp\/v2\/posts\/18817\/revisions"}],"predecessor-version":[{"id":18819,"href":"https:\/\/radiowebmx.com\/nota\/wp-json\/wp\/v2\/posts\/18817\/revisions\/18819"}],"wp:featuredmedia":[{"embeddable":true,"href":"https:\/\/radiowebmx.com\/nota\/wp-json\/wp\/v2\/media\/18818"}],"wp:attachment":[{"href":"https:\/\/radiowebmx.com\/nota\/wp-json\/wp\/v2\/media?parent=18817"}],"wp:term":[{"taxonomy":"category","embeddable":true,"href":"https:\/\/radiowebmx.com\/nota\/wp-json\/wp\/v2\/categories?post=18817"},{"taxonomy":"post_tag","embeddable":true,"href":"https:\/\/radiowebmx.com\/nota\/wp-json\/wp\/v2\/tags?post=18817"}],"curies":[{"name":"wp","href":"https:\/\/api.w.org\/{rel}","templated":true}]}}