{"id":18800,"date":"2015-10-20T11:34:57","date_gmt":"2015-10-20T16:34:57","guid":{"rendered":"https:\/\/radiowebmx.com\/nota\/?p=18800"},"modified":"2015-10-20T11:34:57","modified_gmt":"2015-10-20T16:34:57","slug":"agustin-trujillo-otorga-nombramientos-a-nuevos-secretarios-en-cde","status":"publish","type":"post","link":"https:\/\/radiowebmx.com\/nota\/agustin-trujillo-otorga-nombramientos-a-nuevos-secretarios-en-cde\/","title":{"rendered":"AGUST\u00cdN TRUJILLO OTORGA NOMBRAMIENTOS A NUEVOS SECRETARIOS EN CDE."},"content":{"rendered":"<p>El Dirigente Estatal del PRI en Michoac\u00e1n, Agust\u00edn Trujillo \u00cd\u00f1iguez, realiz\u00f3 los nombramientos en las secretar\u00edas del CDE que hab\u00edan quedado vacantes luego de que los titulares fueron encomendados a otras tareas dentro del Comit\u00e9 Ejecutivo Nacional u otras \u00e1reas.<\/p>\n<p>&nbsp;<\/p>\n<p>La Secretar\u00eda de Organizaci\u00f3n le fue encargada a Gerardo Ballinas May\u00e9s; mientras que la Secretar\u00eda de Acci\u00f3n Electoral ser\u00e1 presidida por Gerardo Nava Mej\u00eda; por su parte Jes\u00fas Hern\u00e1ndez Pe\u00f1a, se desempe\u00f1ar\u00e1 como secretario adjunto a la presidencia y secretario general de la CNOP en el CEN.<\/p>\n<p>&nbsp;<\/p>\n<p>De esta forma, tambi\u00e9n asumi\u00f3 la Secretar\u00eda de Gesti\u00f3n Social, Karina Pantoja P\u00e9rez; mientras que\u00a0 Pedro Renter\u00eda C\u00e1zares, ser\u00e1 el titular de la Secretar\u00eda de Estrategia, Informaci\u00f3n y Propaganda; por su parte fue elegida a Marisol Aguilar Aguilar como Secretaria General de la Fundaci\u00f3n Colosio, filial Michoac\u00e1n.<\/p>\n<p>&nbsp;<\/p>\n<p>El l\u00edder del tricolor, acompa\u00f1ado de la Secretaria General, Yanitzi Palomo Calder\u00f3n y de la Senadora Roc\u00edo Pineda Gochi, ratific\u00f3 a los titulares de las dem\u00e1s secretar\u00edas, es decir siguen sin cambios, la Secretaria de Comunicaci\u00f3n Institucional, de Deportes, del Adulto Mayor, Asuntos Ind\u00edgenas as\u00ed como los sectores y organizaciones.<\/p>\n<p>&nbsp;<\/p>\n<p>Durante la reuni\u00f3n que sostuvo el Presidente del Revolucionario Institucional con los Secretarios para dar a conocer estos movimientos, los exhort\u00f3 a apoyar con todo en los lugares donde el pr\u00f3ximo 6 de diciembre habr\u00e1 elecciones extraordinarias, el distrito 12 con cabecera en Hidalgo y el municipio de Sahuayo.<\/p>\n<p>&nbsp;<\/p>\n<p>En este tenor, el l\u00edder pri\u00edsta destac\u00f3 el buen trabajo que han hecho los delegados especiales que fueron elegidos para llevar a cabo estos procesos extraordinarios, en el municipio de Sahuayo, Bert\u00edn Cornejo Mart\u00ednez, y en el distrito 12, Rodolfo Camacho.<\/p>\n","protected":false},"excerpt":{"rendered":"<p>El Dirigente Estatal del PRI en Michoac\u00e1n, Agust\u00edn Trujillo \u00cd\u00f1iguez, realiz\u00f3 los nombramientos en las secretar\u00edas del CDE que hab\u00edan quedado vacantes luego de que los titulares fueron encomendados a otras tareas dentro del Comit\u00e9 Ejecutivo Nacional u otras \u00e1reas.<\/p>\n","protected":false},"author":1,"featured_media":18801,"comment_status":"open","ping_status":"open","sticky":false,"template":"","format":"standard","meta":{"footnotes":""},"categories":[14,11,12],"tags":[],"class_list":["post-18800","post","type-post","status-publish","format-standard","has-post-thumbnail","hentry","category-destacadas","category-partidos-politicos","category-pri"],"_links":{"self":[{"href":"https:\/\/radiowebmx.com\/nota\/wp-json\/wp\/v2\/posts\/18800","targetHints":{"allow":["GET"]}}],"collection":[{"href":"https:\/\/radiowebmx.com\/nota\/wp-json\/wp\/v2\/posts"}],"about":[{"href":"https:\/\/radiowebmx.com\/nota\/wp-json\/wp\/v2\/types\/post"}],"author":[{"embeddable":true,"href":"https:\/\/radiowebmx.com\/nota\/wp-json\/wp\/v2\/users\/1"}],"replies":[{"embeddable":true,"href":"https:\/\/radiowebmx.com\/nota\/wp-json\/wp\/v2\/comments?post=18800"}],"version-history":[{"count":1,"href":"https:\/\/radiowebmx.com\/nota\/wp-json\/wp\/v2\/posts\/18800\/revisions"}],"predecessor-version":[{"id":18802,"href":"https:\/\/radiowebmx.com\/nota\/wp-json\/wp\/v2\/posts\/18800\/revisions\/18802"}],"wp:featuredmedia":[{"embeddable":true,"href":"https:\/\/radiowebmx.com\/nota\/wp-json\/wp\/v2\/media\/18801"}],"wp:attachment":[{"href":"https:\/\/radiowebmx.com\/nota\/wp-json\/wp\/v2\/media?parent=18800"}],"wp:term":[{"taxonomy":"category","embeddable":true,"href":"https:\/\/radiowebmx.com\/nota\/wp-json\/wp\/v2\/categories?post=18800"},{"taxonomy":"post_tag","embeddable":true,"href":"https:\/\/radiowebmx.com\/nota\/wp-json\/wp\/v2\/tags?post=18800"}],"curies":[{"name":"wp","href":"https:\/\/api.w.org\/{rel}","templated":true}]}}