{"id":18733,"date":"2015-10-15T12:24:55","date_gmt":"2015-10-15T17:24:55","guid":{"rendered":"https:\/\/radiowebmx.com\/nota\/?p=18733"},"modified":"2015-10-15T12:24:55","modified_gmt":"2015-10-15T17:24:55","slug":"ayuntamiento-de-morelia-e-implan-fomentan-la-participacion-ciudadana","status":"publish","type":"post","link":"https:\/\/radiowebmx.com\/nota\/ayuntamiento-de-morelia-e-implan-fomentan-la-participacion-ciudadana\/","title":{"rendered":"Ayuntamiento de Morelia e IMPLAN fomentan la participaci\u00f3n ciudadana"},"content":{"rendered":"<p>Con la finalidad de reforzar la participaci\u00f3n ciudadana como una de las pol\u00edticas de Gobierno de la actual Administraci\u00f3n que preside el Alcalde, Alfonso Mart\u00ednez Alc\u00e1zar, el Ayuntamiento de Morelia y el Instituto Municipal de Planeaci\u00f3n (IMPLAN), mantienen abiertas diversas alternativas para el registro de personas a las mesas de trabajo del Plan de Desarrollo Municipal 2015-2018, Morelia NExT 1.0.<\/p>\n<p>Este jueves y viernes se abordar\u00e1 el tema de Desarrollo Social y Humano, al cual asistir\u00e1n expertos en la materia que expondr\u00e1 diferentes estrategias encaminadas al dise\u00f1o del Plan de Gobierno del Ayuntamiento capitalino.<\/p>\n<p>El director del IMPLAN, Pedro Cital Beltr\u00e1n indic\u00f3 que el registro ciudadano puede ser mediante una solicitud telef\u00f3nica en el n\u00famero del IMPLAN, 314 0538, en el portal\u00a0<a href=\"http:\/\/gob.us11.list-manage2.com\/track\/click?u=4006ac058ed166735585eb757&amp;id=7595d803e9&amp;e=ae3e4feca2\" target=\"_blank\">www.implanmorelia.org<\/a>\u00a0\u00a0e incluso el mismo d\u00eda de la sesi\u00f3n al manifestarlo en las mesas de registro y llevar una ponencia, \u00a0participaci\u00f3n digital o intervenci\u00f3n por escrito referente al tema a abordar.<\/p>\n<p>El encargado del Instituto Municipal del Planeaci\u00f3n asegur\u00f3 que se identifican diversos mecanismos de participaci\u00f3n, cuya proyecci\u00f3n es a 3 y 25 a\u00f1os, donde este \u00faltimo corresponde a un plan de largo plazo cuando Morelia cumpla 500 a\u00f1os.<\/p>\n<p>Hasta el momento los temas que se han abordado en las mesas de trabajo son: Desarrollo integral y sustentable, Econom\u00eda competitiva e incluyente, \u00a0Administraci\u00f3n eficaz y transparente, Seguridad y legalidad.<\/p>\n<p>Las participaciones podr\u00e1n ser presenciales o en l\u00ednea en el portal del IMPLAN mediante el llenado previo de un cuestionario, asimismo se podr\u00e1 acceder a informaci\u00f3n en redes sociales en la cuenta de Facebook Implanmorelia y en Twitter, @implanmorelia.<\/p>\n","protected":false},"excerpt":{"rendered":"<p>Con la finalidad de reforzar la participaci\u00f3n ciudadana como una de las pol\u00edticas de Gobierno de la actual Administraci\u00f3n que preside el Alcalde, AMA, el Ayuntamiento de Morelia y el IMPLAN, mantienen abiertas diversas alternativas para el registro de personas a las mesas de trabajo del Plan de Desarrollo Municipal 2015-2018, Morelia NExT 1.0. <\/p>\n","protected":false},"author":1,"featured_media":0,"comment_status":"open","ping_status":"open","sticky":false,"template":"","format":"standard","meta":{"footnotes":""},"categories":[9],"tags":[],"class_list":["post-18733","post","type-post","status-publish","format-standard","hentry","category-morelia"],"_links":{"self":[{"href":"https:\/\/radiowebmx.com\/nota\/wp-json\/wp\/v2\/posts\/18733","targetHints":{"allow":["GET"]}}],"collection":[{"href":"https:\/\/radiowebmx.com\/nota\/wp-json\/wp\/v2\/posts"}],"about":[{"href":"https:\/\/radiowebmx.com\/nota\/wp-json\/wp\/v2\/types\/post"}],"author":[{"embeddable":true,"href":"https:\/\/radiowebmx.com\/nota\/wp-json\/wp\/v2\/users\/1"}],"replies":[{"embeddable":true,"href":"https:\/\/radiowebmx.com\/nota\/wp-json\/wp\/v2\/comments?post=18733"}],"version-history":[{"count":1,"href":"https:\/\/radiowebmx.com\/nota\/wp-json\/wp\/v2\/posts\/18733\/revisions"}],"predecessor-version":[{"id":18734,"href":"https:\/\/radiowebmx.com\/nota\/wp-json\/wp\/v2\/posts\/18733\/revisions\/18734"}],"wp:attachment":[{"href":"https:\/\/radiowebmx.com\/nota\/wp-json\/wp\/v2\/media?parent=18733"}],"wp:term":[{"taxonomy":"category","embeddable":true,"href":"https:\/\/radiowebmx.com\/nota\/wp-json\/wp\/v2\/categories?post=18733"},{"taxonomy":"post_tag","embeddable":true,"href":"https:\/\/radiowebmx.com\/nota\/wp-json\/wp\/v2\/tags?post=18733"}],"curies":[{"name":"wp","href":"https:\/\/api.w.org\/{rel}","templated":true}]}}