{"id":18723,"date":"2015-10-15T12:14:06","date_gmt":"2015-10-15T17:14:06","guid":{"rendered":"https:\/\/radiowebmx.com\/nota\/?p=18723"},"modified":"2015-10-15T12:14:06","modified_gmt":"2015-10-15T17:14:06","slug":"silvano-aureoles-y-alfonso-martinez-presiden-reunion-de-la-mesa-de-seguridad-y-justicia-de-morelia","status":"publish","type":"post","link":"https:\/\/radiowebmx.com\/nota\/silvano-aureoles-y-alfonso-martinez-presiden-reunion-de-la-mesa-de-seguridad-y-justicia-de-morelia\/","title":{"rendered":"Silvano Aureoles y Alfonso Mart\u00ednez presiden reuni\u00f3n de la Mesa de Seguridad y Justicia de Morelia"},"content":{"rendered":"<p><strong>El Gobernador de Michoac\u00e1n, Silvano Aureoles Conejo, y el presidente municipal de Morelia, Alfonso Mart\u00ednez Alc\u00e1zar, sostuvieron\u00a0 su primera reuni\u00f3n con la Mesa de Seguridad y Justicia de este municipio, ante cuyos integrantes ratificaron el compromiso que como candidatos establecieron, de dar continuidad a los trabajos de este \u00f3rgano ciudadano para entregar buenos resultados a la poblaci\u00f3n en el combate a la violencia y la delincuencia.<\/p>\n<p>En la sede del Ayuntamiento de Morelia, donde tambi\u00e9n estuvo presente el general Felipe Gurrola Ram\u00edrez, mando especial para la seguridad en Michoac\u00e1n, el mandatario estatal afirm\u00f3 que las Mesas de Seguridad y Justicia han permitido contar con indicadores sobre los avances en materia de seguridad, y que los compromisos que asumen las autoridades sean claros, por lo que reiter\u00f3 la disposici\u00f3n del Gobierno del Estado de dar seguimiento a la coordinaci\u00f3n y trabajo con la ciudadan\u00eda representada en estas mesas.<\/p>\n<p>\u201cVamos en sentido correcto, todos los procesos van bien y me anima que haya mucho inter\u00e9s de los ciudadanos; si trabajamos juntos, vamos a entregar buenos resultados\u201d, manifest\u00f3 Aureoles Conejo.<\/p>\n<p>En el mismo tenor, sostuvo que tanto con el municipio de Morelia que encabeza el Presidente Municipal Alfonso Mart\u00ednez, como con el resto de los ayuntamientos, se trabaja en estrecha coordinaci\u00f3n para la firma del convenio de Mando Unificado Policial, respetando la autonom\u00eda municipal y bajo los lineamientos del Consejo Nacional de Seguridad P\u00fablica.<\/p>\n<p>Inform\u00f3 que en pr\u00f3ximas fechas estar\u00e1n arribando al estado m\u00e1s elementos federales, principalmente de la polic\u00eda militar para reforzar las acciones en seguridad, principalmente en Morelia, Zit\u00e1cuaro, La Piedad y Sahuayo.<\/p>\n<p>El coordinador de la Mesa de Seguridad y Justicia de Morelia, Diego Vilchis Mariscal, detall\u00f3 que como parte de las tareas de este organismo, se est\u00e1 cruzando informaci\u00f3n con las \u00e1reas estatales de seguridad y el Sistema Nacional de Seguridad P\u00fablica, para generar los indicadores precisos que permitan medir los avances que se tienen en la capital en materia de combate a la delincuencia.<\/p>\n<p>Vilchis Mariscal hizo un llamado a la poblaci\u00f3n en general y a diversos sectores, a sumarse al trabajo de esta Mesa para mejorar la imagen que se tiene de Morelia hacia el exterior, pues reconoci\u00f3 que lo que sucede en todas las regiones de la entidad, impacta en la percepci\u00f3n de su capital.<\/p>\n<p>Por su parte, el presidente de la Fundaci\u00f3n Ciudadana para el Desarrollo Integral de Michoac\u00e1n (Fucidim) y coordinador de las Mesas de Seguridad y Justicia del estado, Roberto Ram\u00edrez Delgado, agradeci\u00f3 al Gobernador Silvano Aureoles y al alcalde Alfonso Mart\u00ednez, su decisi\u00f3n de asumir el compromiso contra\u00eddo con la Fucidim cuando fueron candidatos al Gobierno del Estado y la Presidencia Municipal, para dar seguimiento al trabajo de las Mesas a partir de las propuestas de la sociedad civil.<\/p>\n<p>Refiri\u00f3 que al igual que en Morelia, pr\u00f3ximamente sesionar\u00e1n con las nuevas autoridades las Mesas de Seguridad de Uruapan, L\u00e1zaro C\u00e1rdenas, Apatzing\u00e1n, Zamora, La Piedad y recalc\u00f3 que falta instalar este organismo en Zit\u00e1cuaro, para as\u00ed cubrir todo el territorio estatal.<\/p>\n<p>Finalmente, Roberto Ram\u00edrez anunci\u00f3 que los d\u00edas 17 y 18 de noviembre del presente a\u00f1o, tendr\u00e1 lugar en Michoac\u00e1n el Encuentro Nacional de las Mesas de Seguridad y Justicia, en que personalidades de primer nivel en la materia vendr\u00e1n a exponer la pol\u00edtica nacional y construir propuestas para estrechar de mejor manera la relaci\u00f3n de la ciudadan\u00eda con autoridades.<\/p>\n<p>En esta reuni\u00f3n tambi\u00e9n estuvieron presentes el secretario de Gobierno, Adri\u00e1n L\u00f3pez Sol\u00eds; el procurador general de Justicia del Estado, Mart\u00edn Godoy Castro; el general DEM Francisco Morales C\u00e1zares, comandante de la XXI Zona Militar; la delegada federal de la Procuradur\u00eda General de la Rep\u00fablica, Bertha Paredes Gardu\u00f1o; el comisario de la Polic\u00eda Federal en la entidad, Israel Galv\u00e1n Jaime; entre otros funcionarios de los tres niveles de gobierno.<\/strong><\/p>\n","protected":false},"excerpt":{"rendered":"<p>El Gobernador de Michoac\u00e1n, Silvano Aureoles Conejo, y el presidente municipal de Morelia, Alfonso Mart\u00ednez Alc\u00e1zar, sostuvieron  su primera reuni\u00f3n con la Mesa de Seguridad y Justicia de este municipio, ante cuyos integrantes ratificaron el compromiso que como candidatos establecieron, <\/p>\n","protected":false},"author":1,"featured_media":18724,"comment_status":"open","ping_status":"open","sticky":false,"template":"","format":"standard","meta":{"footnotes":""},"categories":[14,3],"tags":[],"class_list":["post-18723","post","type-post","status-publish","format-standard","has-post-thumbnail","hentry","category-destacadas","category-gobierno-del-estado-de-michoacan"],"_links":{"self":[{"href":"https:\/\/radiowebmx.com\/nota\/wp-json\/wp\/v2\/posts\/18723","targetHints":{"allow":["GET"]}}],"collection":[{"href":"https:\/\/radiowebmx.com\/nota\/wp-json\/wp\/v2\/posts"}],"about":[{"href":"https:\/\/radiowebmx.com\/nota\/wp-json\/wp\/v2\/types\/post"}],"author":[{"embeddable":true,"href":"https:\/\/radiowebmx.com\/nota\/wp-json\/wp\/v2\/users\/1"}],"replies":[{"embeddable":true,"href":"https:\/\/radiowebmx.com\/nota\/wp-json\/wp\/v2\/comments?post=18723"}],"version-history":[{"count":2,"href":"https:\/\/radiowebmx.com\/nota\/wp-json\/wp\/v2\/posts\/18723\/revisions"}],"predecessor-version":[{"id":18726,"href":"https:\/\/radiowebmx.com\/nota\/wp-json\/wp\/v2\/posts\/18723\/revisions\/18726"}],"wp:featuredmedia":[{"embeddable":true,"href":"https:\/\/radiowebmx.com\/nota\/wp-json\/wp\/v2\/media\/18724"}],"wp:attachment":[{"href":"https:\/\/radiowebmx.com\/nota\/wp-json\/wp\/v2\/media?parent=18723"}],"wp:term":[{"taxonomy":"category","embeddable":true,"href":"https:\/\/radiowebmx.com\/nota\/wp-json\/wp\/v2\/categories?post=18723"},{"taxonomy":"post_tag","embeddable":true,"href":"https:\/\/radiowebmx.com\/nota\/wp-json\/wp\/v2\/tags?post=18723"}],"curies":[{"name":"wp","href":"https:\/\/api.w.org\/{rel}","templated":true}]}}