{"id":18716,"date":"2015-10-15T12:04:58","date_gmt":"2015-10-15T17:04:58","guid":{"rendered":"https:\/\/radiowebmx.com\/nota\/?p=18716"},"modified":"2015-10-15T12:04:58","modified_gmt":"2015-10-15T17:04:58","slug":"se-suma-ayuntamiento-de-morelia-a-boteo-teleton","status":"publish","type":"post","link":"https:\/\/radiowebmx.com\/nota\/se-suma-ayuntamiento-de-morelia-a-boteo-teleton\/","title":{"rendered":"Se suma Ayuntamiento de Morelia a Boteo Telet\u00f3n"},"content":{"rendered":"<p>El Ayuntamiento de Morelia inici\u00f3 su participaci\u00f3n en el boteo Telet\u00f3n, el cual busca recaudar recursos a favor de la rehabilitaci\u00f3n de ni\u00f1os con alguna discapacidad.<\/p>\n<p>En la ceremonia de arranque, el Presidente Municipal, Alfonso Mart\u00ednez Alc\u00e1zar, destac\u00f3 que todas las instituciones dedicadas a apoyar a los ni\u00f1os en estas circunstancias, deben recibir apoyo tanto de las autoridades de Gobierno como de la ciudadan\u00eda.<\/p>\n<p>Expres\u00f3 que a lo largo de los diferentes cargos p\u00fablicos que ha ocupado, su compromiso ha sido apoyar a este sector de la poblaci\u00f3n, por lo que el Ayuntamiento capitalino mantendr\u00e1 estrecha comunicaci\u00f3n con las instituciones dedicadas a brindar una mejor calidad de vida a los menores y coadyuvar en lo que al municipio le compete.<\/p>\n<p>Al respecto, la Presidenta Honoraria del DIF en Morelia, Paola Delgadillo de Mart\u00ednez, asegur\u00f3 que la capital michoacana se suma con estas acciones a fomentar la solidaridad humana y la integraci\u00f3n a la sociedad de ni\u00f1os y j\u00f3venes de escasos recursos, que tienen alguna discapacidad y requieren rehabilitaci\u00f3n f\u00edsica y psicol\u00f3gica.<\/p>\n<p>Paola Delgadillo, record\u00f3 que el Ayuntamiento de Morelia a trav\u00e9s del DIF Municipal \u00a0ha encaminado diversos recursos a favor de la sociedad, \u00a0por lo cual invit\u00f3 a la poblaci\u00f3n, autoridades y funcionarios municipales a sumarse a la colecta y colaborar para que en un futuro se tengan m\u00e1s centros de rehabilitaci\u00f3n para personas con discapacidad y un hospital de Oncolog\u00eda.<\/p>\n<p>Por su parte, el director general del CRIT Michoac\u00e1n, Luis Amparano Zatara\u00edn, dio a conocer que a la par de esta recaudaci\u00f3n en la que participar\u00e1 activamente cada dependencia municipal, se firm\u00f3 un convenio de alianza a favor de la rehabilitaci\u00f3n de los ni\u00f1os.<\/p>\n","protected":false},"excerpt":{"rendered":"<p>El Ayuntamiento de Morelia inici\u00f3 su participaci\u00f3n en el boteo Telet\u00f3n, el cual busca recaudar recursos a favor de la rehabilitaci\u00f3n de ni\u00f1os con alguna discapacidad.<\/p>\n","protected":false},"author":1,"featured_media":18717,"comment_status":"open","ping_status":"open","sticky":false,"template":"","format":"standard","meta":{"footnotes":""},"categories":[14,9],"tags":[],"class_list":["post-18716","post","type-post","status-publish","format-standard","has-post-thumbnail","hentry","category-destacadas","category-morelia"],"_links":{"self":[{"href":"https:\/\/radiowebmx.com\/nota\/wp-json\/wp\/v2\/posts\/18716","targetHints":{"allow":["GET"]}}],"collection":[{"href":"https:\/\/radiowebmx.com\/nota\/wp-json\/wp\/v2\/posts"}],"about":[{"href":"https:\/\/radiowebmx.com\/nota\/wp-json\/wp\/v2\/types\/post"}],"author":[{"embeddable":true,"href":"https:\/\/radiowebmx.com\/nota\/wp-json\/wp\/v2\/users\/1"}],"replies":[{"embeddable":true,"href":"https:\/\/radiowebmx.com\/nota\/wp-json\/wp\/v2\/comments?post=18716"}],"version-history":[{"count":1,"href":"https:\/\/radiowebmx.com\/nota\/wp-json\/wp\/v2\/posts\/18716\/revisions"}],"predecessor-version":[{"id":18718,"href":"https:\/\/radiowebmx.com\/nota\/wp-json\/wp\/v2\/posts\/18716\/revisions\/18718"}],"wp:featuredmedia":[{"embeddable":true,"href":"https:\/\/radiowebmx.com\/nota\/wp-json\/wp\/v2\/media\/18717"}],"wp:attachment":[{"href":"https:\/\/radiowebmx.com\/nota\/wp-json\/wp\/v2\/media?parent=18716"}],"wp:term":[{"taxonomy":"category","embeddable":true,"href":"https:\/\/radiowebmx.com\/nota\/wp-json\/wp\/v2\/categories?post=18716"},{"taxonomy":"post_tag","embeddable":true,"href":"https:\/\/radiowebmx.com\/nota\/wp-json\/wp\/v2\/tags?post=18716"}],"curies":[{"name":"wp","href":"https:\/\/api.w.org\/{rel}","templated":true}]}}