{"id":18687,"date":"2015-10-14T11:22:35","date_gmt":"2015-10-14T16:22:35","guid":{"rendered":"https:\/\/radiowebmx.com\/nota\/?p=18687"},"modified":"2015-10-14T11:22:35","modified_gmt":"2015-10-14T16:22:35","slug":"la-conafor-prepara-a-los-combatientes-de-incendios-forestales-para-el-2016-en-michoacan","status":"publish","type":"post","link":"https:\/\/radiowebmx.com\/nota\/la-conafor-prepara-a-los-combatientes-de-incendios-forestales-para-el-2016-en-michoacan\/","title":{"rendered":"La CONAFOR prepara a los combatientes de incendios forestales para el 2016 en Michoac\u00e1n"},"content":{"rendered":"<p>Con la finalidad de prevenir y sofocar puntualmente los incendios forestales que lleguen a presentarse en el 2016 en Michoac\u00e1n, la Comisi\u00f3n Nacional Forestal (CONAFOR) llev\u00f3 a cabo la capacitaci\u00f3n con personal t\u00e9cnico de la Gerencia y en los casos de cursos especializados, SMI 100-200, \u00a0apoyado con personal del departamento de Incendios de CONAFOR CRNF Occidente y Gerencia de Aguascalientes.<\/p>\n<p>&nbsp;<\/p>\n<p>El curso mark3 fue aplicado por personal de la empresa GAFSA y el resto de cursos fue aplicado por personal de la CONAFOR Gerencia Estatal y personal de las Coordinaciones Regionales de incendios Oriente, Morelia y Uruapan as\u00ed como personal de la COFOM.<\/p>\n<p>&nbsp;<\/p>\n<p>El total de personal capacitado del \u201cCurso b\u00e1sico para combatientes de incendios forestales\u201d fue de 364 combatientes y t\u00e9cnicos de las dependencias de CONANP, SEDENA, COFOM, brigadas rurales y brigadas comunitarias\/voluntarias as\u00ed como los municipios de Aporo, Uruapan, Morelia, Nuevo Urecho, Zamora, P\u00e1tzcuaro, Ario de Rosales, la Huacana, Coalcom\u00e1n y Zacapu, en tiempo de instrucci\u00f3n directa fue de 29 d\u00edas (alrededor de 262 horas).<\/p>\n<p>&nbsp;<\/p>\n<p>Estos cursos tiene el objetivo de fortalecer la coordinaci\u00f3n interinstitucional y la capacitaci\u00f3n de capital humano y de apoyo para la atenci\u00f3n oportuna de los siniestros de las regiones y del Estado.<\/p>\n<p>&nbsp;<\/p>\n<p>Previo al curso, el Ing. Osvaldo Fern\u00e1ndez Orozco, Ing. Victor Manuel Qui\u00f1onez Arroyo y el Ing. Javier Gonz\u00e1lez Rodr\u00edguez, Gerente, Subgerente de Conservaci\u00f3n y Restauraci\u00f3n y Jefe del Departamento de Incendios Forestales de la CONAFOR, respectivamente, estuvieron presentes para inaugurar el Curso y para alentar al personal t\u00e9cnico a continuar profesionaliz\u00e1ndose en los diferentes temas del propio programa contra Incendios Forestales, a fin de garantizar con mayor eficacia y eficiencia los diferentes procesos de Prevenci\u00f3n, Detecci\u00f3n y Combate de Incendios Forestales, en beneficio ambiental para todos los Mexicanos.<\/p>\n<p>&nbsp;<\/p>\n<p>Por su parte el gerente estatal mencion\u00f3 que a nivel nacional Michoac\u00e1n, se encuentra en 7\u00b0 lugar en n\u00famero de incendios forestales con 53.79% por abajo y en 14\u00b0 en superficie afectada con 71.43% por abajo comparaci\u00f3n al a\u00f1o 2014.<\/p>\n<p>&nbsp;<\/p>\n<p>Finalmente Fern\u00e1ndez Orozco, Gerente General manifest\u00f3 que de la manera m\u00e1s atenta asimilen bien los conocimientos que reciben en este curso para bien de todos los michoacanos, y comentarles que estas acciones contra incendios forestales que forman parte del Plan por Michoac\u00e1n que encabeza el Ingeniero Jorge Rescala P\u00e9rez, Director General de la CONAFOR, tiene que ver con 5 acciones primordiales que tiene a su cargo. \u201cCon este curso estamos dando cumplimiento a lo que acord\u00f3 el Presidente de la Rep\u00fablica Lic. Enrique Pe\u00f1a Nieto, en dicho plan\u201d, finaliz\u00f3.<\/p>\n","protected":false},"excerpt":{"rendered":"<p>Con la finalidad de prevenir y sofocar puntualmente los incendios forestales que lleguen a presentarse en el 2016 en Michoac\u00e1n, la CONAFOR llev\u00f3 a cabo la capacitaci\u00f3n con personal t\u00e9cnico de la Gerencia y en los casos de cursos especializados, SMI 100-200,<\/p>\n","protected":false},"author":1,"featured_media":18688,"comment_status":"open","ping_status":"open","sticky":false,"template":"","format":"standard","meta":{"footnotes":""},"categories":[14,3],"tags":[],"class_list":["post-18687","post","type-post","status-publish","format-standard","has-post-thumbnail","hentry","category-destacadas","category-gobierno-del-estado-de-michoacan"],"_links":{"self":[{"href":"https:\/\/radiowebmx.com\/nota\/wp-json\/wp\/v2\/posts\/18687","targetHints":{"allow":["GET"]}}],"collection":[{"href":"https:\/\/radiowebmx.com\/nota\/wp-json\/wp\/v2\/posts"}],"about":[{"href":"https:\/\/radiowebmx.com\/nota\/wp-json\/wp\/v2\/types\/post"}],"author":[{"embeddable":true,"href":"https:\/\/radiowebmx.com\/nota\/wp-json\/wp\/v2\/users\/1"}],"replies":[{"embeddable":true,"href":"https:\/\/radiowebmx.com\/nota\/wp-json\/wp\/v2\/comments?post=18687"}],"version-history":[{"count":1,"href":"https:\/\/radiowebmx.com\/nota\/wp-json\/wp\/v2\/posts\/18687\/revisions"}],"predecessor-version":[{"id":18689,"href":"https:\/\/radiowebmx.com\/nota\/wp-json\/wp\/v2\/posts\/18687\/revisions\/18689"}],"wp:featuredmedia":[{"embeddable":true,"href":"https:\/\/radiowebmx.com\/nota\/wp-json\/wp\/v2\/media\/18688"}],"wp:attachment":[{"href":"https:\/\/radiowebmx.com\/nota\/wp-json\/wp\/v2\/media?parent=18687"}],"wp:term":[{"taxonomy":"category","embeddable":true,"href":"https:\/\/radiowebmx.com\/nota\/wp-json\/wp\/v2\/categories?post=18687"},{"taxonomy":"post_tag","embeddable":true,"href":"https:\/\/radiowebmx.com\/nota\/wp-json\/wp\/v2\/tags?post=18687"}],"curies":[{"name":"wp","href":"https:\/\/api.w.org\/{rel}","templated":true}]}}