{"id":18676,"date":"2015-10-13T13:47:39","date_gmt":"2015-10-13T18:47:39","guid":{"rendered":"https:\/\/radiowebmx.com\/nota\/?p=18676"},"modified":"2015-10-13T13:47:39","modified_gmt":"2015-10-13T18:47:39","slug":"llevan-talleres-sobre-salud-y-desarrollo-social-a-jovenes-michoacanos","status":"publish","type":"post","link":"https:\/\/radiowebmx.com\/nota\/llevan-talleres-sobre-salud-y-desarrollo-social-a-jovenes-michoacanos\/","title":{"rendered":"Llevan talleres sobre salud y desarrollo social a j\u00f3venes michoacanos"},"content":{"rendered":"<p>Durante la primera semana de la administraci\u00f3n que encabeza el Gobernador Silvano Aureoles Conejo, cerca de 350 michoacanas y michoacanos participaron en talleres relacionados con sexualidad responsable, trastornos de la alimentaci\u00f3n, autoestima y violencia escolar, en el marco del Programa Conciencia Juvenil, que implementa la Secretar\u00eda de los J\u00f3venes de Michoac\u00e1n (Sejoven).<\/p>\n<p>La titular de la dependencia estatal, Giulianna Bugarini Torres, se\u00f1al\u00f3 que el prop\u00f3sito de este Programa es informar al sector juvenil sobre las enfermedades y retos contempor\u00e1neos, para que cuenten con las herramientas que les permitan prevenir afectaciones a su salud o bien, tomar las mejores decisiones para su desarrollo personal.<\/p>\n<p>Durante los talleres, se proyectan videos en que se muestra a las y los participantes algunas t\u00e9cnicas preventivas y se realizan din\u00e1micas interactivas que les permiten hacer suyos los conocimientos adquiridos.<\/p>\n<p>De esta forma, en el primer taller 227 alumnos de tercer grado de la Escuela Secundaria No. 3 \u201cFrancisco J. M\u00fagica\u201d, ampliaron sus nociones sobre sexualidad responsable, mitos y tab\u00faes acerca del tema, uso adecuado del cond\u00f3n masculino y femenino; prevenci\u00f3n de enfermedades de transmisi\u00f3n sexual y embarazos, por mencionar algunos.<\/p>\n<p>Mientras que un centenar de estudiantes de segundo grado de la Escuela Telesecundaria de La Aldea, tambi\u00e9n en este municipio de Morelia, recibieron una charla en la que se habl\u00f3 de aspectos como autoestima, violencia escolar, importancia del autoconocimiento, autovaloraci\u00f3n y autoaceptaci\u00f3n; comunicaci\u00f3n asertiva e importancia del respeto.<\/p>\n<p>Tambi\u00e9n en las instalaciones de la Secretar\u00eda de los J\u00f3venes, se implement\u00f3 un taller de Trastornos de la Alimentaci\u00f3n, a fin de que los interesados conozcan qu\u00e9 son, c\u00f3mo se detectan y c\u00f3mo se pueden prevenir algunos tipos de afectaciones, entre los que se encuentran la anorexia, bulimia y obesidad, as\u00ed como el contexto social en el que se desarrollan.<\/p>\n<p>Cabe destacar que una vez por semana, los d\u00edas viernes, la Sejoven lleva a cabo una charla en sus instalaciones ubicadas en Crist\u00f3bal Pati\u00f1o No. 4371, Fraccionamiento Fray Antonio de Lisboa. Para mayores informes, los interesados pueden comunicarse a los tel\u00e9fonos 313 39 49 y 313 36 63 o bien mediante el correo electr\u00f3nico\u00a0<a href=\"mailto:comunicacionsejoven@gmail.com\">comunicacionsejoven@gmail.com<\/a>\u00a0y, las redes sociales de Facebook y Twitter.<\/p>\n<p>Los temas pr\u00f3ximos a tratar son: Autoestima (16 de octubre), Violencia en el Noviazgo (23 de octubre), Prevenci\u00f3n de Adicciones (30 de octubre), Equidad de G\u00e9nero (6 de noviembre) y Prevenci\u00f3n de embarazos (13 de noviembre); todos en un horario de 10:00 a 13:00 horas y para los que se solicita previo registro por los medios antes mencionados.<\/p>\n<p>Los talleres y conferencias son impartidos por personal de la Coordinaci\u00f3n de Salud y Desarrollo Social de la Sejoven, en donde tambi\u00e9n se involucran j\u00f3venes prestadores del Servicio Social de Pasantes, para as\u00ed lograr una mayor identificaci\u00f3n e impacto en el auditorio que de igual forma est\u00e1 conformado por nuevas generaciones.<\/p>\n","protected":false},"excerpt":{"rendered":"<p>Durante la primera semana de la administraci\u00f3n que encabeza el Gobernador Silvano Aureoles Conejo, cerca de 350 michoacanas y michoacanos participaron en talleres relacionados con sexualidad responsable, trastornos de la alimentaci\u00f3n, autoestima y violencia escolar, <\/p>\n","protected":false},"author":1,"featured_media":18677,"comment_status":"open","ping_status":"open","sticky":false,"template":"","format":"standard","meta":{"footnotes":""},"categories":[14,3],"tags":[],"class_list":["post-18676","post","type-post","status-publish","format-standard","has-post-thumbnail","hentry","category-destacadas","category-gobierno-del-estado-de-michoacan"],"_links":{"self":[{"href":"https:\/\/radiowebmx.com\/nota\/wp-json\/wp\/v2\/posts\/18676","targetHints":{"allow":["GET"]}}],"collection":[{"href":"https:\/\/radiowebmx.com\/nota\/wp-json\/wp\/v2\/posts"}],"about":[{"href":"https:\/\/radiowebmx.com\/nota\/wp-json\/wp\/v2\/types\/post"}],"author":[{"embeddable":true,"href":"https:\/\/radiowebmx.com\/nota\/wp-json\/wp\/v2\/users\/1"}],"replies":[{"embeddable":true,"href":"https:\/\/radiowebmx.com\/nota\/wp-json\/wp\/v2\/comments?post=18676"}],"version-history":[{"count":2,"href":"https:\/\/radiowebmx.com\/nota\/wp-json\/wp\/v2\/posts\/18676\/revisions"}],"predecessor-version":[{"id":18679,"href":"https:\/\/radiowebmx.com\/nota\/wp-json\/wp\/v2\/posts\/18676\/revisions\/18679"}],"wp:featuredmedia":[{"embeddable":true,"href":"https:\/\/radiowebmx.com\/nota\/wp-json\/wp\/v2\/media\/18677"}],"wp:attachment":[{"href":"https:\/\/radiowebmx.com\/nota\/wp-json\/wp\/v2\/media?parent=18676"}],"wp:term":[{"taxonomy":"category","embeddable":true,"href":"https:\/\/radiowebmx.com\/nota\/wp-json\/wp\/v2\/categories?post=18676"},{"taxonomy":"post_tag","embeddable":true,"href":"https:\/\/radiowebmx.com\/nota\/wp-json\/wp\/v2\/tags?post=18676"}],"curies":[{"name":"wp","href":"https:\/\/api.w.org\/{rel}","templated":true}]}}